{"id":854,"date":"2021-07-13T17:06:27","date_gmt":"2021-07-13T15:06:27","guid":{"rendered":"https:\/\/www.nordestsanita.it\/?p=854"},"modified":"2021-07-13T17:08:00","modified_gmt":"2021-07-13T15:08:00","slug":"vaccino-anti-covid-farlo-solo-a-minorenni-fragili-la-sipps-smentisce-i-pediatri-tedeschi","status":"publish","type":"post","link":"https:\/\/www.nordestsanita.it\/?p=854","title":{"rendered":"Vaccino anti-COVID: farlo solo a minorenni fragili? La SIPPS smentisce i pediatri tedeschi"},"content":{"rendered":"\n<p>Nicola Principi, professore emerito di Pediatria dell\u2019Universit\u00e0 degli Studi di Milano e referente della Societ\u00e0 Italiana di Pediatria Preventiva e Sociale (SIPPS), non usa giri di parole e definisce \u201cimpropria\u201d la posizione espressa dalla Societ\u00e0 tedesca di Pediatria e Medicina dell\u2019Adolescenza, che supporta la raccomandazione del Robert Koch Institute di vaccinare solo i minori con particolari patologie preesistenti tra i 12 e i 17 anni o che vivono con persone adulte fragili, a rischio e che non possono essere vaccinate.<\/p>\n\n\n\n<!--more-->\n\n\n\n<p>\u201cIl COVID-19 in et\u00e0 pediatrica non \u00e8 una problematica sinecura, la prevenzione vaccinale dai 12 anni in su deve essere fatta. Ci sono dati di letteratura sui bambini in et\u00e0 prescolare, scolare e adolescenziale che evidenziano come una percentuale di minorenni sviluppi la malattia in forma grave. Sono infatti migliaia i casi di sindrome infiammatoria multisistemica (Mis-C), con bambini ricoverati che rischiano il decesso. In et\u00e0 pediatrica la mortalit\u00e0 da COVID-19 non \u00e8 molto inferiore, anzi addirittura \u00e8 pi\u00f9 elevata di quella registrata in diverse malattie rare\u201d.<\/p>\n\n\n\n<p>Anzi, la SIPPS chiede una vaccinazione estensiva a tutti i soggetti dai 12 anni in su, sia sani che a rischio. \u201cLa Societ\u00e0 tedesca di Pediatria indica i soggetti a rischio come un eventuale target per la vaccinazione in et\u00e0 pediatrica- sottolinea Principi- ma questa \u00e8 una valutazione molto discutibile. Non \u00e8 ben chiaro quali siano i soggetti a rischio in et\u00e0 pediatrica e non \u00e8 corretto trasferire al bambino le valutazioni fatte nell&#8217;adulto: le stesse malattie che nell&#8217;adulto rappresentano un fattore di rischio, non \u00e8 detto che siano dimostrate esserlo nel bambino. Non ci sono dati\u201d.<\/p>\n\n\n\n<p>In secondo luogo, \u201cva chiarito che alcuni dei soggetti a rischio probabilmente risponderanno poco e male al vaccino. Gli immunodepressi per definizione possono dare una risposta insufficiente alla vaccinazione e vanno vaccinati sapendo che la loro protezione \u00e8 offerta sia dal vaccino che dalla possibilit\u00e0 che siano vaccinati anche i loro coetanei\u201d. Terzo punto, la scuola: \u201cSe i minorenni non vengono vaccinati, con la riapertura delle scuole ci sar\u00e0 inevitabilmente una quota di questi che si infetter\u00e0, facendo tornare gli studenti alla didattica a distanza. L&#8217;unica soluzione percorribile \u00e8 vaccinare tutti, tanto pi\u00f9 che disponiamo di vaccini autorizzati in et\u00e0 superiore a 12 anni. Tra poco avremo anche quelli per i ragazzi under 12 che, auspichiamo, saranno utilizzati\u201d, raccomanda Principi, fondatore della SITIP (Societ\u00e0 Italiana di Infettivologia Pediatrica).<\/p>\n\n\n\n<p>Un recente articolo pubblicato dalla rivista The Lancet dal titolo \u201cL\u2019infezione di massa non \u00e8 un\u2019opzione: dobbiamo fare di pi\u00f9 per proteggere i nostri giovani\u201d focalizza l&#8217;attenzione sull\u2019argomento. \u201cQuesta osservazione \u00e8 confermata dall\u2019analisi di dati inglesi e della letteratura internazionale, soprattutto israeliana- prosegue il professore emerito di Pediatria- perch\u00e9 non sar\u00e0 facile raggiungere l\u2019immunit\u00e0 di gregge con la circolazione delle varianti del virus che riducono la capacit\u00e0 di protezione offerta dai vaccini. Lo stesso vaccino Pfizer, ad esempio, aveva una capacit\u00e0 protettiva del 94% in origine, ma ora \u00e8 scesa a valori pi\u00f9 bassi. Molto discutibile \u00e8 quindi l\u2019idea di lasciar circolare il SARS CoV2, in quanto pi\u00f9 si replica e maggiormente dar\u00e0 luogo a varianti che abbassano l&#8217;efficacia dei vaccini. \u00c8 una situazione che finir\u00e0 per investire i bambini, coinvolgendoli sia come infettanti che come soggetti che possono sviluppare la malattia\u201d.<\/p>\n\n\n\n<p>Nel frattempo i dati ufficiali del governo britannico mostrano che al 4 luglio scorso il 68% della popolazione totale del Regno Unito \u00e8 stato parzialmente vaccinato e, supponendo che circa il 20% delle persone non vaccinate sia protetto da una precedente infezione da SARS-CoV-2, ci sono pi\u00f9 di 17 milioni di persone senza protezione contro l\u2019infezione. \u201cSe il virus circola la sicurezza sar\u00e0 molto difficile da raggiungere. Questo virus pu\u00f2 avere ripercussioni sul sistema nervoso centrale e non sappiamo cosa pu\u00f2 accadere a distanza\u201d. Inoltre, la comunicazione che arriva dalla Germania contiene una forte ambiguit\u00e0: \u201cSe dico che una categoria di soggetti pu\u00f2 ammalarsi senza rischi e, quindi, pu\u00f2 non vaccinarsi, si finisce per favorire il rifiuto vaccinale\u201d, conclude Principi.<\/p>\n\n\n\n<p>Non hanno perso tempo le maggiori Societ\u00e0 scientifiche pediatriche internazionali e italiane, cos\u00ec come il CDC di Atlanta, che si sono ben presto dissociate dalle posizioni tedesche. I dati di efficacia e sicurezza del vaccino a mRNA BNT162b2 sulla popolazione 12-15 anni sono dimostrati in uno studio su 2.260 adolescenti pubblicato sul New England Journal of Medicine. \u201cDati che non sorprendono- ribadisce Lucia Leonardi, pediatra esperta in immunologia dell&#8217;Azienda ospedaliera universitaria Policlinico Umberto I e consigliere della SIPPS- perch\u00e9 non parliamo di bambini in cui l\u2019ontogenesi del sistema immunitario \u00e8 ancora in atto, ma di adolescenti che hanno una risposta immunitaria adattiva e cellulare alquanto equiparabile a quella dell\u2019adulto\u201d.<\/p>\n\n\n\n<p>Quali sono allora i rischi connessi al non vaccinare gli adolescenti? \u201cUna percentuale di adolescenti potrebbe risultare a rischio senza saperlo, perch\u00e9 una suscettibilit\u00e0 genetica al COVID-19 \u00e8 stata descritta e interessa la risposta antivirale relativa al pathway degli interferon. Inoltre i casi di COVID-19 in et\u00e0 pediatrica a livello mondiale non sono esigui: il 7% della popolazione ha meno di 18 anni e sono reali le complicanze a lungo termine. Oltre alla nota Mis-C, sono descritte ad esempio complicanze renali- ricorda Leonardi- ma anche sintomi neurologici e neuropsichiatrici, non solo quelli indiretti legati alla sopraggiunta condizione ambientale (che hanno portato a un incremento di tentati suicidio, atti di autolesionismo e disturbi alimentari), ma vere e proprie sequele della malattia COVID-19 quali cefalea, vertigini, convulsioni e disturbi olfattivi e del gusto. Non abbiamo ancora la misura dei danni reali che saranno riconducibili nel lungo periodo ad una infezione COVID-19 in et\u00e0 pediatrica, seppur con iniziale manifestazione paucisintomatica\u201d. La dottoressa Leonardi rettifica infine un\u2019ultima comunicazione emersa dalla posizione tedesca: \u201cDire che gli adolescenti si ammalano meno non vuol dire che si infettino meno, soprattutto alla luce della loro intensa attivit\u00e0 sociale. Nel nostro centro abbiamo vaccinato molti ragazzi pronti a partire per campi scuola e viaggi all&#8217;estero. Dobbiamo intervenire sui potenziali ulteriori fenomeni di shift antigenico, responsabili delle varianti- puntualizza Leonardi- e per farlo occorre agire con una vaccinazione quanto pi\u00f9 capillare possibile\u201d.<\/p>\n\n\n\n<p>Per il presidente SIPPS, Giuseppe Di Mauro, tuttavia le sole vaccinazioni di massa non bastano: \u201cSiamo favorevoli a vaccinare tutti gli adolescenti dai 12 anni in su, ma i vaccini non sono un \u2018liberi tutti\u2019. Dobbiamo continuare ad utilizzare le misure di sicurezza e i dispositivi di protezione individuale (mascherine, igiene delle mani e distanziamento), perch\u00e9 con la circolazione delle varianti bisogna stare ancora pi\u00f9 attenti. Stiamo ancora studiando l&#8217;evoluzione del virus, nonch\u00e9 il meccanismo di protezione del vaccino da un punto di vista immunitario\u201d.<\/p>\n","protected":false},"excerpt":{"rendered":"<p>La SIPPS chiede una vaccinazione estensiva anti-COVID a tutti i soggetti dai 12 anni in su, sia sani che a rischio.<\/p>\n","protected":false},"author":8,"featured_media":855,"comment_status":"closed","ping_status":"open","sticky":false,"template":"","format":"standard","meta":[],"categories":[29],"tags":[39,127,68],"yoast_head":"<!-- This site is optimized with the Yoast SEO plugin v20.2 - https:\/\/yoast.com\/wordpress\/plugins\/seo\/ -->\n<title>Vaccino anti-covid e minorenni - NES Nord Est Sanit\u00e0<\/title>\n<meta name=\"description\" content=\"La SIPPS chiede una vaccinazione estensiva anti-COVID a tutti i soggetti dai 12 anni in su, sia sani che a rischio.\" \/>\n<meta name=\"robots\" content=\"index, follow, max-snippet:-1, max-image-preview:large, max-video-preview:-1\" \/>\n<link rel=\"canonical\" href=\"https:\/\/www.nordestsanita.it\/?p=854\" \/>\n<meta property=\"og:locale\" content=\"it_IT\" \/>\n<meta property=\"og:type\" content=\"article\" \/>\n<meta property=\"og:title\" content=\"Vaccino anti-covid e minorenni - NES Nord Est Sanit\u00e0\" \/>\n<meta property=\"og:description\" content=\"La SIPPS chiede una vaccinazione estensiva anti-COVID a tutti i soggetti dai 12 anni in su, sia sani che a rischio.\" \/>\n<meta property=\"og:url\" content=\"https:\/\/www.nordestsanita.it\/?p=854\" \/>\n<meta property=\"og:site_name\" content=\"NES\" \/>\n<meta property=\"article:published_time\" content=\"2021-07-13T15:06:27+00:00\" \/>\n<meta property=\"article:modified_time\" content=\"2021-07-13T15:08:00+00:00\" \/>\n<meta property=\"og:image\" content=\"https:\/\/www.nordestsanita.it\/wp-content\/uploads\/2021\/07\/Vaccino-Covid.jpg\" \/>\n\t<meta property=\"og:image:width\" content=\"640\" \/>\n\t<meta property=\"og:image:height\" content=\"360\" \/>\n\t<meta property=\"og:image:type\" content=\"image\/jpeg\" \/>\n<meta name=\"author\" content=\"Redazione\" \/>\n<meta name=\"twitter:card\" content=\"summary_large_image\" \/>\n<meta name=\"twitter:label1\" content=\"Scritto da\" \/>\n\t<meta name=\"twitter:data1\" content=\"Redazione\" \/>\n\t<meta name=\"twitter:label2\" content=\"Tempo di lettura stimato\" \/>\n\t<meta name=\"twitter:data2\" content=\"5 minuti\" \/>\n<script type=\"application\/ld+json\" class=\"yoast-schema-graph\">{\"@context\":\"https:\/\/schema.org\",\"@graph\":[{\"@type\":\"Article\",\"@id\":\"https:\/\/www.nordestsanita.it\/?p=854#article\",\"isPartOf\":{\"@id\":\"https:\/\/www.nordestsanita.it\/?p=854\"},\"author\":{\"name\":\"Redazione\",\"@id\":\"https:\/\/www.nordestsanita.it\/#\/schema\/person\/e5a7dc6dca45cb55e67d4a127b0e969a\"},\"headline\":\"Vaccino anti-COVID: farlo solo a minorenni fragili? La SIPPS smentisce i pediatri tedeschi\",\"datePublished\":\"2021-07-13T15:06:27+00:00\",\"dateModified\":\"2021-07-13T15:08:00+00:00\",\"mainEntityOfPage\":{\"@id\":\"https:\/\/www.nordestsanita.it\/?p=854\"},\"wordCount\":1074,\"publisher\":{\"@id\":\"https:\/\/www.nordestsanita.it\/#organization\"},\"keywords\":[\"Covid-19\",\"pediatria\",\"vaccino\"],\"articleSection\":[\"Covid\"],\"inLanguage\":\"it-IT\"},{\"@type\":\"WebPage\",\"@id\":\"https:\/\/www.nordestsanita.it\/?p=854\",\"url\":\"https:\/\/www.nordestsanita.it\/?p=854\",\"name\":\"Vaccino anti-covid e minorenni - NES Nord Est Sanit\u00e0\",\"isPartOf\":{\"@id\":\"https:\/\/www.nordestsanita.it\/#website\"},\"datePublished\":\"2021-07-13T15:06:27+00:00\",\"dateModified\":\"2021-07-13T15:08:00+00:00\",\"description\":\"La SIPPS chiede una vaccinazione estensiva anti-COVID a tutti i soggetti dai 12 anni in su, sia sani che a rischio.\",\"breadcrumb\":{\"@id\":\"https:\/\/www.nordestsanita.it\/?p=854#breadcrumb\"},\"inLanguage\":\"it-IT\",\"potentialAction\":[{\"@type\":\"ReadAction\",\"target\":[\"https:\/\/www.nordestsanita.it\/?p=854\"]}]},{\"@type\":\"BreadcrumbList\",\"@id\":\"https:\/\/www.nordestsanita.it\/?p=854#breadcrumb\",\"itemListElement\":[{\"@type\":\"ListItem\",\"position\":1,\"name\":\"Home\",\"item\":\"https:\/\/www.nordestsanita.it\/\"},{\"@type\":\"ListItem\",\"position\":2,\"name\":\"Vaccino anti-COVID: farlo solo a minorenni fragili? La SIPPS smentisce i pediatri tedeschi\"}]},{\"@type\":\"WebSite\",\"@id\":\"https:\/\/www.nordestsanita.it\/#website\",\"url\":\"https:\/\/www.nordestsanita.it\/\",\"name\":\"NES\",\"description\":\"Nord Est Sanit\u00e0\",\"publisher\":{\"@id\":\"https:\/\/www.nordestsanita.it\/#organization\"},\"potentialAction\":[{\"@type\":\"SearchAction\",\"target\":{\"@type\":\"EntryPoint\",\"urlTemplate\":\"https:\/\/www.nordestsanita.it\/?s={search_term_string}\"},\"query-input\":\"required name=search_term_string\"}],\"inLanguage\":\"it-IT\"},{\"@type\":\"Organization\",\"@id\":\"https:\/\/www.nordestsanita.it\/#organization\",\"name\":\"NES\",\"url\":\"https:\/\/www.nordestsanita.it\/\",\"logo\":{\"@type\":\"ImageObject\",\"inLanguage\":\"it-IT\",\"@id\":\"https:\/\/www.nordestsanita.it\/#\/schema\/logo\/image\/\",\"url\":\"https:\/\/www.nordestsanita.it\/wp-content\/uploads\/2021\/05\/NES-1280.png\",\"contentUrl\":\"https:\/\/www.nordestsanita.it\/wp-content\/uploads\/2021\/05\/NES-1280.png\",\"width\":1280,\"height\":458,\"caption\":\"NES\"},\"image\":{\"@id\":\"https:\/\/www.nordestsanita.it\/#\/schema\/logo\/image\/\"}},{\"@type\":\"Person\",\"@id\":\"https:\/\/www.nordestsanita.it\/#\/schema\/person\/e5a7dc6dca45cb55e67d4a127b0e969a\",\"name\":\"Redazione\",\"image\":{\"@type\":\"ImageObject\",\"inLanguage\":\"it-IT\",\"@id\":\"https:\/\/www.nordestsanita.it\/#\/schema\/person\/image\/\",\"url\":\"https:\/\/secure.gravatar.com\/avatar\/3f19a9b3d671ea36ec67c4badf3f961a?s=96&d=mm&r=g\",\"contentUrl\":\"https:\/\/secure.gravatar.com\/avatar\/3f19a9b3d671ea36ec67c4badf3f961a?s=96&d=mm&r=g\",\"caption\":\"Redazione\"},\"url\":\"https:\/\/www.nordestsanita.it\/?author=8\"}]}<\/script>\n<!-- \/ Yoast SEO plugin. -->","yoast_head_json":{"title":"Vaccino anti-covid e minorenni - NES Nord Est Sanit\u00e0","description":"La SIPPS chiede una vaccinazione estensiva anti-COVID a tutti i soggetti dai 12 anni in su, sia sani che a rischio.","robots":{"index":"index","follow":"follow","max-snippet":"max-snippet:-1","max-image-preview":"max-image-preview:large","max-video-preview":"max-video-preview:-1"},"canonical":"https:\/\/www.nordestsanita.it\/?p=854","og_locale":"it_IT","og_type":"article","og_title":"Vaccino anti-covid e minorenni - NES Nord Est Sanit\u00e0","og_description":"La SIPPS chiede una vaccinazione estensiva anti-COVID a tutti i soggetti dai 12 anni in su, sia sani che a rischio.","og_url":"https:\/\/www.nordestsanita.it\/?p=854","og_site_name":"NES","article_published_time":"2021-07-13T15:06:27+00:00","article_modified_time":"2021-07-13T15:08:00+00:00","og_image":[{"width":640,"height":360,"url":"https:\/\/www.nordestsanita.it\/wp-content\/uploads\/2021\/07\/Vaccino-Covid.jpg","type":"image\/jpeg"}],"author":"Redazione","twitter_card":"summary_large_image","twitter_misc":{"Scritto da":"Redazione","Tempo di lettura stimato":"5 minuti"},"schema":{"@context":"https:\/\/schema.org","@graph":[{"@type":"Article","@id":"https:\/\/www.nordestsanita.it\/?p=854#article","isPartOf":{"@id":"https:\/\/www.nordestsanita.it\/?p=854"},"author":{"name":"Redazione","@id":"https:\/\/www.nordestsanita.it\/#\/schema\/person\/e5a7dc6dca45cb55e67d4a127b0e969a"},"headline":"Vaccino anti-COVID: farlo solo a minorenni fragili? La SIPPS smentisce i pediatri tedeschi","datePublished":"2021-07-13T15:06:27+00:00","dateModified":"2021-07-13T15:08:00+00:00","mainEntityOfPage":{"@id":"https:\/\/www.nordestsanita.it\/?p=854"},"wordCount":1074,"publisher":{"@id":"https:\/\/www.nordestsanita.it\/#organization"},"keywords":["Covid-19","pediatria","vaccino"],"articleSection":["Covid"],"inLanguage":"it-IT"},{"@type":"WebPage","@id":"https:\/\/www.nordestsanita.it\/?p=854","url":"https:\/\/www.nordestsanita.it\/?p=854","name":"Vaccino anti-covid e minorenni - NES Nord Est Sanit\u00e0","isPartOf":{"@id":"https:\/\/www.nordestsanita.it\/#website"},"datePublished":"2021-07-13T15:06:27+00:00","dateModified":"2021-07-13T15:08:00+00:00","description":"La SIPPS chiede una vaccinazione estensiva anti-COVID a tutti i soggetti dai 12 anni in su, sia sani che a rischio.","breadcrumb":{"@id":"https:\/\/www.nordestsanita.it\/?p=854#breadcrumb"},"inLanguage":"it-IT","potentialAction":[{"@type":"ReadAction","target":["https:\/\/www.nordestsanita.it\/?p=854"]}]},{"@type":"BreadcrumbList","@id":"https:\/\/www.nordestsanita.it\/?p=854#breadcrumb","itemListElement":[{"@type":"ListItem","position":1,"name":"Home","item":"https:\/\/www.nordestsanita.it\/"},{"@type":"ListItem","position":2,"name":"Vaccino anti-COVID: farlo solo a minorenni fragili? La SIPPS smentisce i pediatri tedeschi"}]},{"@type":"WebSite","@id":"https:\/\/www.nordestsanita.it\/#website","url":"https:\/\/www.nordestsanita.it\/","name":"NES","description":"Nord Est Sanit\u00e0","publisher":{"@id":"https:\/\/www.nordestsanita.it\/#organization"},"potentialAction":[{"@type":"SearchAction","target":{"@type":"EntryPoint","urlTemplate":"https:\/\/www.nordestsanita.it\/?s={search_term_string}"},"query-input":"required name=search_term_string"}],"inLanguage":"it-IT"},{"@type":"Organization","@id":"https:\/\/www.nordestsanita.it\/#organization","name":"NES","url":"https:\/\/www.nordestsanita.it\/","logo":{"@type":"ImageObject","inLanguage":"it-IT","@id":"https:\/\/www.nordestsanita.it\/#\/schema\/logo\/image\/","url":"https:\/\/www.nordestsanita.it\/wp-content\/uploads\/2021\/05\/NES-1280.png","contentUrl":"https:\/\/www.nordestsanita.it\/wp-content\/uploads\/2021\/05\/NES-1280.png","width":1280,"height":458,"caption":"NES"},"image":{"@id":"https:\/\/www.nordestsanita.it\/#\/schema\/logo\/image\/"}},{"@type":"Person","@id":"https:\/\/www.nordestsanita.it\/#\/schema\/person\/e5a7dc6dca45cb55e67d4a127b0e969a","name":"Redazione","image":{"@type":"ImageObject","inLanguage":"it-IT","@id":"https:\/\/www.nordestsanita.it\/#\/schema\/person\/image\/","url":"https:\/\/secure.gravatar.com\/avatar\/3f19a9b3d671ea36ec67c4badf3f961a?s=96&d=mm&r=g","contentUrl":"https:\/\/secure.gravatar.com\/avatar\/3f19a9b3d671ea36ec67c4badf3f961a?s=96&d=mm&r=g","caption":"Redazione"},"url":"https:\/\/www.nordestsanita.it\/?author=8"}]}},"jetpack_featured_media_url":"https:\/\/www.nordestsanita.it\/wp-content\/uploads\/2021\/07\/Vaccino-Covid.jpg","_links":{"self":[{"href":"https:\/\/www.nordestsanita.it\/index.php?rest_route=\/wp\/v2\/posts\/854"}],"collection":[{"href":"https:\/\/www.nordestsanita.it\/index.php?rest_route=\/wp\/v2\/posts"}],"about":[{"href":"https:\/\/www.nordestsanita.it\/index.php?rest_route=\/wp\/v2\/types\/post"}],"author":[{"embeddable":true,"href":"https:\/\/www.nordestsanita.it\/index.php?rest_route=\/wp\/v2\/users\/8"}],"replies":[{"embeddable":true,"href":"https:\/\/www.nordestsanita.it\/index.php?rest_route=%2Fwp%2Fv2%2Fcomments&post=854"}],"version-history":[{"count":2,"href":"https:\/\/www.nordestsanita.it\/index.php?rest_route=\/wp\/v2\/posts\/854\/revisions"}],"predecessor-version":[{"id":857,"href":"https:\/\/www.nordestsanita.it\/index.php?rest_route=\/wp\/v2\/posts\/854\/revisions\/857"}],"wp:featuredmedia":[{"embeddable":true,"href":"https:\/\/www.nordestsanita.it\/index.php?rest_route=\/wp\/v2\/media\/855"}],"wp:attachment":[{"href":"https:\/\/www.nordestsanita.it\/index.php?rest_route=%2Fwp%2Fv2%2Fmedia&parent=854"}],"wp:term":[{"taxonomy":"category","embeddable":true,"href":"https:\/\/www.nordestsanita.it\/index.php?rest_route=%2Fwp%2Fv2%2Fcategories&post=854"},{"taxonomy":"post_tag","embeddable":true,"href":"https:\/\/www.nordestsanita.it\/index.php?rest_route=%2Fwp%2Fv2%2Ftags&post=854"}],"curies":[{"name":"wp","href":"https:\/\/api.w.org\/{rel}","templated":true}]}}