{"id":868,"date":"2021-07-22T12:52:56","date_gmt":"2021-07-22T10:52:56","guid":{"rendered":"https:\/\/www.nordestsanita.it\/?p=868"},"modified":"2021-07-22T12:52:57","modified_gmt":"2021-07-22T10:52:57","slug":"vaccino-anti-covid-la-simg-per-ora-non-necessaria-la-terza-dose","status":"publish","type":"post","link":"https:\/\/www.nordestsanita.it\/?p=868","title":{"rendered":"Vaccino anti COVID, la SIMG: \u201cper ora non necessaria la terza dose\u201d"},"content":{"rendered":"\n<p>Le dosi di vaccino (una o due a seconda del vaccino) attualmente somministrate sono sufficienti a dare copertura efficace sul virus in circolazione, incluse le varianti note fino a questo momento, mentre una terza dose al momento non \u00e8 necessaria. E\u2019 quanto attesta il report dalla Societ\u00e0 Italiana di Medicina Generale e delle Cure Primarie (SIMG) dopo aver analizzato recenti studi condotti dal CDC \u2013Centers for Disease Control and Prevention e dall\u2019ACIP &#8211; Advisory Committee on Immunization Practices.<\/p>\n\n\n\n<!--more-->\n\n\n\n<p>Rispetto alle varianti, la protezione cala, ma resta comunque elevata. Un\u2019ipotetica terza dose al momento non \u00e8 dunque prevista. Diventer\u00e0 invece pi\u00f9 probabile tra alcuni mesi, quando per\u00f2 presumibilmente il contesto virale sar\u00e0 ulteriormente mutato. Questi concetti, supportati da studi scientifici, sono esposti dalla SIMG in una lettera a firma di Ignazio Grattagliano, Claudio Cricelli, Alessandro Rossi della SIMG, Roberto Ieraci &#8211; Referente Scientifico per la vaccinazione COVID, Strategie Vaccinali Regione Lazio, Mario Clerici &#8211; Immunologia e Immunopatologia Universit\u00e0 degli Studi di Milano Direttore Scientifico S.M. Nascente IRCCS, Fondazione Don C. Gnocchi, Milano, inviata al Ministro della Salute Roberto Speranza e al suo consigliere Walter Ricciardi, accompagnata da un memorandum che ne illustra le basi scientifiche e le fonti degli organi statunitensi, pubblicato sul sito www.simg.org.<\/p>\n\n\n\n<p>Nelle ultime settimane, si sta discutendo sulla necessit\u00e0 di una terza dose di vaccino anti-COVID-19, soprattutto per alcune categorie di individui pi\u00f9 fragili. Si valutano soprattutto i dati forniti da studi di laboratorio, che riportano come la capacit\u00e0 neutralizzante dei sieri degli individui vaccinati contro il COVID-19 possa essere poco meno attiva verso le nuove varianti di SARS-CoV-2. In realt\u00e0, mentre le aziende produttrici dei vaccini anti-COVID-19 a mRNA si dichiarano gi\u00e0 pronte alla produzione ed alla distribuzione di ulteriori dosi, sia la FDA che l\u2019EMA hanno frenato le iniziative dopo aver valutato i dati recenti e le dichiarazioni del CDC sulla necessit\u00e0 di una terza dose di vaccino in autunno. Secondo gli enti regolatori statunitense ed europeo al momento sarebbe troppo presto per confermare la necessit\u00e0 di dosi di richiamo, in quanto i dati scientifici a disposizione sia sulla copertura vaccinale sia sull\u2019utilit\u00e0 della terza dose in soggetti particolarmente a rischio sarebbero insufficienti. In questa fase FDA ed EMA stanno attivamente collaborando con gli sviluppatori di vaccini per valutare piani utili a produrre dati che possano dirimere le incertezze ancora presenti. D\u2019altro canto, sembra che i 4 vaccini finora autorizzati nell\u2019UE proteggano effettivamente contro tutti i ceppi di SARS-CoV-2, comprese le varianti delta.<\/p>\n\n\n\n<p>\u201cCome gi\u00e0 dichiarato dagli enti regolatori statunitense ed europeo, FDA ed EMA, al momento \u00e8 troppo presto per ipotizzare la necessit\u00e0 di ulteriori dosi di richiamo, in quanto i dati scientifici a disposizione sia sulla copertura vaccinale sia sull\u2019utilit\u00e0 della terza dose in soggetti particolarmente a rischio sarebbero insufficienti \u2013 sottolinea Ignazio Grattagliano, Coordinatore SIMG Puglia \u2013 Attualmente, nessun dato supporta le raccomandazioni su nuove dosi di richiamo dopo le prime due. Inoltre, una terza dose con lo stesso vaccino gi\u00e0 utilizzato non solo non aggiungerebbe altra protezione all\u2019organismo che gi\u00e0 ha acquisito gli anticorpi necessari per far fronte all\u2019infezione, ma si correrebbe il rischio che diventi del tutto inutile: gli anticorpi prodotti dalla vaccinazione infatti agiscono contro il virus originario e non contro le potenziali nuove varianti che possono apparire nel futuro prossimo\u201d.<\/p>\n\n\n\n<p>\u201cDovremo continuare a monitorare ogni dettaglio, ma qualsiasi conclusione prima della fine dell\u2019estate rischia di essere affrettata \u2013 evidenzia il Prof. Claudio Cricelli, Presidente SIMG \u2013 Attualmente \u00e8 sotto osservazione la durata dell\u2019efficacia anticorpale e la sua risposta alle varianti: i dati disponibili sono positivi su quest\u2019ultimo punto, mentre per i tempi si ipotizza una copertura di almeno 9-12 mesi. Solo una volta trascorso questo lasso di tempo la terza dose probabilmente diventer\u00e0 necessaria. Ma a quel punto sar\u00e0 un vaccino prodotto sulla base delle varianti pi\u00f9 aggressive; si tratter\u00e0 quasi di un vaccino ex novo, pronto ad agire nei confronti di un\u2019infezione che per una buona percentuale sar\u00e0 diversa dal virus originario\u201d.<\/p>\n\n\n\n<p>Sono 6.626, da met\u00e0 marzo a oggi, i pazienti Covid a cui sono stati prescritti anticorpi monoclonali in Italia, secondo il 15mo Report sugli Anticorpi Monoclonali per Covid-19 dell\u2019Agenzia italiana del Farmaco (Aifa), relativo al periodo dal 9 al 15 luglio. Di questi, 80 sono quelli che li hanno ricevuti nell\u2019ultima settimana: un numero per la seconda settimana consecutiva in ricrescita dopo mesi in calo, di pari passo con l\u2019aumento registrato nei nuovi contagi da Sars-Cov-2.<\/p>\n\n\n\n<p>Il discorso relativo a un\u2019ipotetica terza dose ha interessato soprattutto i soggetti immunodepressi, per malattia o perch\u00e9 trattati con terapie immunosoppressive, su cui talvolta la copertura vaccinale \u00e8 inferiore.<\/p>\n\n\n\n<p>\u201cCi\u00f2 che abbiamo rilevato negli studi svolti finora \u00e8 che anche nei soggetti immunodepressi la terza dose di vaccino ha dimostrato di non aumentare l\u2019efficacia delle prime dosi. Sarebbe dunque uno sforzo inutile. In questi pazienti, pertanto, occorrer\u00e0 considerare la necessit\u00e0 di altre misure di prevenzione. E\u2019 infatti al vaglio la concreta possibilit\u00e0 di utilizzare gli anticorpi monoclonali anti-Spike come profilassi post-esposizione al virus proprio nei soggetti con basse difese immunitarie, un intervento sanitario che vedrebbe il medico di famiglia ancora una volta in prima linea\u201d, conclude Grattagliano.<\/p>\n","protected":false},"excerpt":{"rendered":"<p>Le dosi di vaccino oggi somministrate sono sufficienti a dare copertura efficace sul coronavirus: la terza dose al momento non \u00e8 necessaria.<\/p>\n","protected":false},"author":8,"featured_media":869,"comment_status":"closed","ping_status":"open","sticky":false,"template":"","format":"standard","meta":[],"categories":[29],"tags":[39,68],"yoast_head":"<!-- This site is optimized with the Yoast SEO plugin v20.2 - https:\/\/yoast.com\/wordpress\/plugins\/seo\/ -->\n<title>Vaccino anti COVID, per ora non necessaria la terza dose - NES<\/title>\n<meta name=\"description\" content=\"Le dosi di vaccino oggi somministrate sono sufficienti a dare copertura efficace sul coronavirus: la terza dose al momento non \u00e8 necessaria.\" \/>\n<meta name=\"robots\" content=\"index, follow, max-snippet:-1, max-image-preview:large, max-video-preview:-1\" \/>\n<link rel=\"canonical\" href=\"https:\/\/www.nordestsanita.it\/?p=868\" \/>\n<meta property=\"og:locale\" content=\"it_IT\" \/>\n<meta property=\"og:type\" content=\"article\" \/>\n<meta property=\"og:title\" content=\"Vaccino anti COVID, per ora non necessaria la terza dose - NES\" \/>\n<meta property=\"og:description\" content=\"Le dosi di vaccino oggi somministrate sono sufficienti a dare copertura efficace sul coronavirus: la terza dose al momento non \u00e8 necessaria.\" \/>\n<meta property=\"og:url\" content=\"https:\/\/www.nordestsanita.it\/?p=868\" \/>\n<meta property=\"og:site_name\" content=\"NES\" \/>\n<meta property=\"article:published_time\" content=\"2021-07-22T10:52:56+00:00\" \/>\n<meta property=\"article:modified_time\" content=\"2021-07-22T10:52:57+00:00\" \/>\n<meta property=\"og:image\" content=\"https:\/\/www.nordestsanita.it\/wp-content\/uploads\/2021\/07\/vaccino-covid4.jpg\" \/>\n\t<meta property=\"og:image:width\" content=\"640\" \/>\n\t<meta property=\"og:image:height\" content=\"360\" \/>\n\t<meta property=\"og:image:type\" content=\"image\/jpeg\" \/>\n<meta name=\"author\" content=\"Redazione\" \/>\n<meta name=\"twitter:card\" content=\"summary_large_image\" \/>\n<meta name=\"twitter:label1\" content=\"Scritto da\" \/>\n\t<meta name=\"twitter:data1\" content=\"Redazione\" \/>\n\t<meta name=\"twitter:label2\" content=\"Tempo di lettura stimato\" \/>\n\t<meta name=\"twitter:data2\" content=\"4 minuti\" \/>\n<script type=\"application\/ld+json\" class=\"yoast-schema-graph\">{\"@context\":\"https:\/\/schema.org\",\"@graph\":[{\"@type\":\"Article\",\"@id\":\"https:\/\/www.nordestsanita.it\/?p=868#article\",\"isPartOf\":{\"@id\":\"https:\/\/www.nordestsanita.it\/?p=868\"},\"author\":{\"name\":\"Redazione\",\"@id\":\"https:\/\/www.nordestsanita.it\/#\/schema\/person\/e5a7dc6dca45cb55e67d4a127b0e969a\"},\"headline\":\"Vaccino anti COVID, la SIMG: \u201cper ora non necessaria la terza dose\u201d\",\"datePublished\":\"2021-07-22T10:52:56+00:00\",\"dateModified\":\"2021-07-22T10:52:57+00:00\",\"mainEntityOfPage\":{\"@id\":\"https:\/\/www.nordestsanita.it\/?p=868\"},\"wordCount\":866,\"publisher\":{\"@id\":\"https:\/\/www.nordestsanita.it\/#organization\"},\"keywords\":[\"Covid-19\",\"vaccino\"],\"articleSection\":[\"Covid\"],\"inLanguage\":\"it-IT\"},{\"@type\":\"WebPage\",\"@id\":\"https:\/\/www.nordestsanita.it\/?p=868\",\"url\":\"https:\/\/www.nordestsanita.it\/?p=868\",\"name\":\"Vaccino anti COVID, per ora non necessaria la terza dose - NES\",\"isPartOf\":{\"@id\":\"https:\/\/www.nordestsanita.it\/#website\"},\"datePublished\":\"2021-07-22T10:52:56+00:00\",\"dateModified\":\"2021-07-22T10:52:57+00:00\",\"description\":\"Le dosi di vaccino oggi somministrate sono sufficienti a dare copertura efficace sul coronavirus: la terza dose al momento non \u00e8 necessaria.\",\"breadcrumb\":{\"@id\":\"https:\/\/www.nordestsanita.it\/?p=868#breadcrumb\"},\"inLanguage\":\"it-IT\",\"potentialAction\":[{\"@type\":\"ReadAction\",\"target\":[\"https:\/\/www.nordestsanita.it\/?p=868\"]}]},{\"@type\":\"BreadcrumbList\",\"@id\":\"https:\/\/www.nordestsanita.it\/?p=868#breadcrumb\",\"itemListElement\":[{\"@type\":\"ListItem\",\"position\":1,\"name\":\"Home\",\"item\":\"https:\/\/www.nordestsanita.it\/\"},{\"@type\":\"ListItem\",\"position\":2,\"name\":\"Vaccino anti COVID, la SIMG: \u201cper ora non necessaria la terza dose\u201d\"}]},{\"@type\":\"WebSite\",\"@id\":\"https:\/\/www.nordestsanita.it\/#website\",\"url\":\"https:\/\/www.nordestsanita.it\/\",\"name\":\"NES\",\"description\":\"Nord Est Sanit\u00e0\",\"publisher\":{\"@id\":\"https:\/\/www.nordestsanita.it\/#organization\"},\"potentialAction\":[{\"@type\":\"SearchAction\",\"target\":{\"@type\":\"EntryPoint\",\"urlTemplate\":\"https:\/\/www.nordestsanita.it\/?s={search_term_string}\"},\"query-input\":\"required name=search_term_string\"}],\"inLanguage\":\"it-IT\"},{\"@type\":\"Organization\",\"@id\":\"https:\/\/www.nordestsanita.it\/#organization\",\"name\":\"NES\",\"url\":\"https:\/\/www.nordestsanita.it\/\",\"logo\":{\"@type\":\"ImageObject\",\"inLanguage\":\"it-IT\",\"@id\":\"https:\/\/www.nordestsanita.it\/#\/schema\/logo\/image\/\",\"url\":\"https:\/\/www.nordestsanita.it\/wp-content\/uploads\/2021\/05\/NES-1280.png\",\"contentUrl\":\"https:\/\/www.nordestsanita.it\/wp-content\/uploads\/2021\/05\/NES-1280.png\",\"width\":1280,\"height\":458,\"caption\":\"NES\"},\"image\":{\"@id\":\"https:\/\/www.nordestsanita.it\/#\/schema\/logo\/image\/\"}},{\"@type\":\"Person\",\"@id\":\"https:\/\/www.nordestsanita.it\/#\/schema\/person\/e5a7dc6dca45cb55e67d4a127b0e969a\",\"name\":\"Redazione\",\"image\":{\"@type\":\"ImageObject\",\"inLanguage\":\"it-IT\",\"@id\":\"https:\/\/www.nordestsanita.it\/#\/schema\/person\/image\/\",\"url\":\"https:\/\/secure.gravatar.com\/avatar\/3f19a9b3d671ea36ec67c4badf3f961a?s=96&d=mm&r=g\",\"contentUrl\":\"https:\/\/secure.gravatar.com\/avatar\/3f19a9b3d671ea36ec67c4badf3f961a?s=96&d=mm&r=g\",\"caption\":\"Redazione\"},\"url\":\"https:\/\/www.nordestsanita.it\/?author=8\"}]}<\/script>\n<!-- \/ Yoast SEO plugin. -->","yoast_head_json":{"title":"Vaccino anti COVID, per ora non necessaria la terza dose - NES","description":"Le dosi di vaccino oggi somministrate sono sufficienti a dare copertura efficace sul coronavirus: la terza dose al momento non \u00e8 necessaria.","robots":{"index":"index","follow":"follow","max-snippet":"max-snippet:-1","max-image-preview":"max-image-preview:large","max-video-preview":"max-video-preview:-1"},"canonical":"https:\/\/www.nordestsanita.it\/?p=868","og_locale":"it_IT","og_type":"article","og_title":"Vaccino anti COVID, per ora non necessaria la terza dose - NES","og_description":"Le dosi di vaccino oggi somministrate sono sufficienti a dare copertura efficace sul coronavirus: la terza dose al momento non \u00e8 necessaria.","og_url":"https:\/\/www.nordestsanita.it\/?p=868","og_site_name":"NES","article_published_time":"2021-07-22T10:52:56+00:00","article_modified_time":"2021-07-22T10:52:57+00:00","og_image":[{"width":640,"height":360,"url":"https:\/\/www.nordestsanita.it\/wp-content\/uploads\/2021\/07\/vaccino-covid4.jpg","type":"image\/jpeg"}],"author":"Redazione","twitter_card":"summary_large_image","twitter_misc":{"Scritto da":"Redazione","Tempo di lettura stimato":"4 minuti"},"schema":{"@context":"https:\/\/schema.org","@graph":[{"@type":"Article","@id":"https:\/\/www.nordestsanita.it\/?p=868#article","isPartOf":{"@id":"https:\/\/www.nordestsanita.it\/?p=868"},"author":{"name":"Redazione","@id":"https:\/\/www.nordestsanita.it\/#\/schema\/person\/e5a7dc6dca45cb55e67d4a127b0e969a"},"headline":"Vaccino anti COVID, la SIMG: \u201cper ora non necessaria la terza dose\u201d","datePublished":"2021-07-22T10:52:56+00:00","dateModified":"2021-07-22T10:52:57+00:00","mainEntityOfPage":{"@id":"https:\/\/www.nordestsanita.it\/?p=868"},"wordCount":866,"publisher":{"@id":"https:\/\/www.nordestsanita.it\/#organization"},"keywords":["Covid-19","vaccino"],"articleSection":["Covid"],"inLanguage":"it-IT"},{"@type":"WebPage","@id":"https:\/\/www.nordestsanita.it\/?p=868","url":"https:\/\/www.nordestsanita.it\/?p=868","name":"Vaccino anti COVID, per ora non necessaria la terza dose - NES","isPartOf":{"@id":"https:\/\/www.nordestsanita.it\/#website"},"datePublished":"2021-07-22T10:52:56+00:00","dateModified":"2021-07-22T10:52:57+00:00","description":"Le dosi di vaccino oggi somministrate sono sufficienti a dare copertura efficace sul coronavirus: la terza dose al momento non \u00e8 necessaria.","breadcrumb":{"@id":"https:\/\/www.nordestsanita.it\/?p=868#breadcrumb"},"inLanguage":"it-IT","potentialAction":[{"@type":"ReadAction","target":["https:\/\/www.nordestsanita.it\/?p=868"]}]},{"@type":"BreadcrumbList","@id":"https:\/\/www.nordestsanita.it\/?p=868#breadcrumb","itemListElement":[{"@type":"ListItem","position":1,"name":"Home","item":"https:\/\/www.nordestsanita.it\/"},{"@type":"ListItem","position":2,"name":"Vaccino anti COVID, la SIMG: \u201cper ora non necessaria la terza dose\u201d"}]},{"@type":"WebSite","@id":"https:\/\/www.nordestsanita.it\/#website","url":"https:\/\/www.nordestsanita.it\/","name":"NES","description":"Nord Est Sanit\u00e0","publisher":{"@id":"https:\/\/www.nordestsanita.it\/#organization"},"potentialAction":[{"@type":"SearchAction","target":{"@type":"EntryPoint","urlTemplate":"https:\/\/www.nordestsanita.it\/?s={search_term_string}"},"query-input":"required name=search_term_string"}],"inLanguage":"it-IT"},{"@type":"Organization","@id":"https:\/\/www.nordestsanita.it\/#organization","name":"NES","url":"https:\/\/www.nordestsanita.it\/","logo":{"@type":"ImageObject","inLanguage":"it-IT","@id":"https:\/\/www.nordestsanita.it\/#\/schema\/logo\/image\/","url":"https:\/\/www.nordestsanita.it\/wp-content\/uploads\/2021\/05\/NES-1280.png","contentUrl":"https:\/\/www.nordestsanita.it\/wp-content\/uploads\/2021\/05\/NES-1280.png","width":1280,"height":458,"caption":"NES"},"image":{"@id":"https:\/\/www.nordestsanita.it\/#\/schema\/logo\/image\/"}},{"@type":"Person","@id":"https:\/\/www.nordestsanita.it\/#\/schema\/person\/e5a7dc6dca45cb55e67d4a127b0e969a","name":"Redazione","image":{"@type":"ImageObject","inLanguage":"it-IT","@id":"https:\/\/www.nordestsanita.it\/#\/schema\/person\/image\/","url":"https:\/\/secure.gravatar.com\/avatar\/3f19a9b3d671ea36ec67c4badf3f961a?s=96&d=mm&r=g","contentUrl":"https:\/\/secure.gravatar.com\/avatar\/3f19a9b3d671ea36ec67c4badf3f961a?s=96&d=mm&r=g","caption":"Redazione"},"url":"https:\/\/www.nordestsanita.it\/?author=8"}]}},"jetpack_featured_media_url":"https:\/\/www.nordestsanita.it\/wp-content\/uploads\/2021\/07\/vaccino-covid4.jpg","_links":{"self":[{"href":"https:\/\/www.nordestsanita.it\/index.php?rest_route=\/wp\/v2\/posts\/868"}],"collection":[{"href":"https:\/\/www.nordestsanita.it\/index.php?rest_route=\/wp\/v2\/posts"}],"about":[{"href":"https:\/\/www.nordestsanita.it\/index.php?rest_route=\/wp\/v2\/types\/post"}],"author":[{"embeddable":true,"href":"https:\/\/www.nordestsanita.it\/index.php?rest_route=\/wp\/v2\/users\/8"}],"replies":[{"embeddable":true,"href":"https:\/\/www.nordestsanita.it\/index.php?rest_route=%2Fwp%2Fv2%2Fcomments&post=868"}],"version-history":[{"count":1,"href":"https:\/\/www.nordestsanita.it\/index.php?rest_route=\/wp\/v2\/posts\/868\/revisions"}],"predecessor-version":[{"id":870,"href":"https:\/\/www.nordestsanita.it\/index.php?rest_route=\/wp\/v2\/posts\/868\/revisions\/870"}],"wp:featuredmedia":[{"embeddable":true,"href":"https:\/\/www.nordestsanita.it\/index.php?rest_route=\/wp\/v2\/media\/869"}],"wp:attachment":[{"href":"https:\/\/www.nordestsanita.it\/index.php?rest_route=%2Fwp%2Fv2%2Fmedia&parent=868"}],"wp:term":[{"taxonomy":"category","embeddable":true,"href":"https:\/\/www.nordestsanita.it\/index.php?rest_route=%2Fwp%2Fv2%2Fcategories&post=868"},{"taxonomy":"post_tag","embeddable":true,"href":"https:\/\/www.nordestsanita.it\/index.php?rest_route=%2Fwp%2Fv2%2Ftags&post=868"}],"curies":[{"name":"wp","href":"https:\/\/api.w.org\/{rel}","templated":true}]}}