{"id":906,"date":"2021-08-10T09:00:00","date_gmt":"2021-08-10T07:00:00","guid":{"rendered":"https:\/\/www.nordestsanita.it\/?p=906"},"modified":"2021-08-09T10:07:00","modified_gmt":"2021-08-09T08:07:00","slug":"proviamo-a-recuperare-entro-fine-anno","status":"publish","type":"post","link":"https:\/\/www.nordestsanita.it\/?p=906","title":{"rendered":"Proviamo a recuperare entro fine anno"},"content":{"rendered":"\n<p>Entro fine anno. E\u2019 questo il termine che la Regione Veneto si \u00e8 data ed ha dato ai vari direttori generali delle aziende sanitarie, per recuperare tutte quelle prestazioni ambulatoriali, chirurgiche e di screening sospese causa priorit\u00e0 al covid. Entro fine anno le liste d\u2019attesa dovrebbero essere azzerate. O meglio l\u2019intento e la volont\u00e0 sono questi.<br>Sono 500mila le prestazioni da recuperare e non sono poche. La Regione ha varato uno specifico provvedimento per il recupero dell\u2019attivit\u00e0 sanitaria cosiddetta ordinaria. Le singole Ulss, il 30 giugno scorso, hanno presentato un piano di rientro e smaltimento degli appuntamenti sospesi. L\u2019andamento dell\u2019epidemia \u00e8 una variabile che non si pu\u00f2 eludere, anche se la lieve risalita dei contagi e il timore della variante delta non sembrano avere alcun impatto sulla ospedalizzazione.<br><\/p>\n\n\n\n<figure class=\"wp-block-image size-full\"><img data-attachment-id=\"908\" data-permalink=\"https:\/\/www.nordestsanita.it\/?attachment_id=908\" data-orig-file=\"https:\/\/www.nordestsanita.it\/wp-content\/uploads\/2021\/08\/Manuela-Lanzarin.png\" data-orig-size=\"336,512\" data-comments-opened=\"0\" data-image-meta=\"{&quot;aperture&quot;:&quot;0&quot;,&quot;credit&quot;:&quot;&quot;,&quot;camera&quot;:&quot;&quot;,&quot;caption&quot;:&quot;&quot;,&quot;created_timestamp&quot;:&quot;0&quot;,&quot;copyright&quot;:&quot;&quot;,&quot;focal_length&quot;:&quot;0&quot;,&quot;iso&quot;:&quot;0&quot;,&quot;shutter_speed&quot;:&quot;0&quot;,&quot;title&quot;:&quot;&quot;,&quot;orientation&quot;:&quot;0&quot;}\" data-image-title=\"Manuela-Lanzarin\" data-image-description=\"\" data-image-caption=\"\" data-medium-file=\"https:\/\/www.nordestsanita.it\/wp-content\/uploads\/2021\/08\/Manuela-Lanzarin-197x300.png\" data-large-file=\"https:\/\/www.nordestsanita.it\/wp-content\/uploads\/2021\/08\/Manuela-Lanzarin.png\" loading=\"lazy\" width=\"336\" height=\"512\" src=\"https:\/\/www.nordestsanita.it\/wp-content\/uploads\/2021\/08\/Manuela-Lanzarin.png\" alt=\"\" class=\"wp-image-908\" srcset=\"https:\/\/www.nordestsanita.it\/wp-content\/uploads\/2021\/08\/Manuela-Lanzarin.png 336w, https:\/\/www.nordestsanita.it\/wp-content\/uploads\/2021\/08\/Manuela-Lanzarin-197x300.png 197w\" sizes=\"(max-width: 336px) 100vw, 336px\" \/><\/figure>\n\n\n\n<p>E questo, oltre a rappresentare indubbiamente un sollievo, agevola il piano di recupero delle prestazioni sospese. Ma come sta procedendo ce lo spiega Manuela Lanzarin, assessore alla Sanit\u00e0 della Regione Veneto.<br>\u00abAbbiamo varato il provvedimento per il recupero della specialistica, a trenta e sessanta giorni, che avevamo sospeso, gli interventi chirurgici di elezione programmati ed anche alcuni screening.<br>Le persone infatti, durante le fasi acute del virus, non rispondevano alle chiamate dirette per i test preventivi. A fine giugno, le singole Ulss hanno presentato i piani di recupero e li stiamo valutando per organizzare la programmazione che preveda l\u2019espletamento di tutte le prestazioni entro fine anno. Sono 500 mila\u00bb.<\/p>\n\n\n\n<p><strong>A che punto siete?<br><\/strong>Procediamo, stanno programmando molto bene, stanno recuperando anche le sale operatorie con l\u2019attivit\u00e0 chirurgica. E\u2019 chiaro che anche in questo caso scontiamo la mancanza di professionisti, di medici specialisti.<br>Stiamo ripianificando tutti gli interventi di elezione che erano stati rinviati, ma abbiamo bisogno di anestesisti e di personale sanitario che non sempre c\u2019\u00e8. E\u2019 una questione annosa che conosciamo tutti.<\/p>\n\n\n\n<p><strong>E poi ci sono le ferie \u2026<br><\/strong>Ci sono le ferie e credo che i nostri professionisti del mondo sanitario abbiano diritto ad un po\u2019 di riposo, dopo sedici mesi di lavoro continuo, di stress fisico e psicologico.<br>Oltre a ringraziarli \u00e8 chiaro che dobbiamo garantire loro le ferie, organizzando i turni per le vacanze, giuste e meritate, e quindi dobbiamo conciliare un po\u2019 tutto e lo stiamo facendo con calendari che consentano di recuperare il pi\u00f9 possibile.<\/p>\n\n\n\n<p><strong>Ce la farete entro fine anno ?<br><\/strong>Noi ci proviamo, questo \u00e8 l\u2019obiettivo. I direttori generali delle Ulss saranno misurati se riusciranno ad accelerare e rispettare questi parametri, anche perch\u00e9 abbiamo dei finanziamenti nazionali che sono arrivati e che dobbiamo spendere in un determinato tempo. Le Ulss sanno che possono erogare prestazioni aggiuntive fuori dell\u2019orario di lavoro e possono ricorrere anche agli erogatori privati per l\u2019abbattimento delle liste d\u2019attesa. I direttori generali hanno diversi mezzi e strumenti da applicare per dare risposte ai cittadini, che sono in attesa.<\/p>\n\n\n\n<p>Nella prima fase della pandemia si era bloccato tutto tranne le emergenze, dopo siete riusciti comunque a garantire anche una quota di attivit\u00e0 sanitaria ordinaria.<br>La prima ondata, quella di marzo 2020, era una novit\u00e0 assoluta ed abbiamo bloccato tutto anche perch\u00e9 eravamo impreparati.<br>Le ondate successive siamo riuscite a contenerle in maniera diversa: abbiamo chiuso e riaperto a seconda della necessit\u00e0.<br>Questi stop and go comunque non hanno permesso di svolgere pienamente l\u2019attivit\u00e0, creando ritardi ed accumuli di prestazioni, ma abbiamo sempre cercato di assicurare pi\u00f9 prestazioni possibili, allargando le maglie anche nei periodi pi\u00f9 difficili ed intensi di circolazione del virus.<\/p>\n","protected":false},"excerpt":{"rendered":"<p>L\u2019assessore alla Sanit\u00e0 della Regione Veneto Manuela Lanzarin:<br \/>\n\u00abLe Ulss hanno gi\u00e0 presentato i piani di recupero delle prestazioni\u00bb<\/p>\n","protected":false},"author":6,"featured_media":907,"comment_status":"closed","ping_status":"open","sticky":false,"template":"","format":"standard","meta":[],"categories":[25],"tags":[137,136,33],"yoast_head":"<!-- This site is optimized with the Yoast SEO plugin v20.2 - https:\/\/yoast.com\/wordpress\/plugins\/seo\/ -->\n<title>Proviamo a recuperare entro fine anno - NES<\/title>\n<meta name=\"description\" content=\"Intervista all&#039;assessore alla Sanit\u00e0 della Regione Veneto Manuela Lanzarin\" \/>\n<meta name=\"robots\" content=\"index, follow, max-snippet:-1, max-image-preview:large, max-video-preview:-1\" \/>\n<link rel=\"canonical\" href=\"https:\/\/www.nordestsanita.it\/?p=906\" \/>\n<meta property=\"og:locale\" content=\"it_IT\" \/>\n<meta property=\"og:type\" content=\"article\" \/>\n<meta property=\"og:title\" content=\"Proviamo a recuperare entro fine anno - NES\" \/>\n<meta property=\"og:description\" content=\"Intervista all&#039;assessore alla Sanit\u00e0 della Regione Veneto Manuela Lanzarin\" \/>\n<meta property=\"og:url\" content=\"https:\/\/www.nordestsanita.it\/?p=906\" \/>\n<meta property=\"og:site_name\" content=\"NES\" \/>\n<meta property=\"article:published_time\" content=\"2021-08-10T07:00:00+00:00\" \/>\n<meta property=\"article:modified_time\" content=\"2021-08-09T08:07:00+00:00\" \/>\n<meta property=\"og:image\" content=\"https:\/\/www.nordestsanita.it\/wp-content\/uploads\/2021\/08\/clinic-1807543_1920.jpg\" \/>\n\t<meta property=\"og:image:width\" content=\"1920\" \/>\n\t<meta property=\"og:image:height\" content=\"1385\" \/>\n\t<meta property=\"og:image:type\" content=\"image\/jpeg\" \/>\n<meta name=\"author\" content=\"Antonella Prigioni\" \/>\n<meta name=\"twitter:card\" content=\"summary_large_image\" \/>\n<meta name=\"twitter:label1\" content=\"Scritto da\" \/>\n\t<meta name=\"twitter:data1\" content=\"Antonella Prigioni\" \/>\n\t<meta name=\"twitter:label2\" content=\"Tempo di lettura stimato\" \/>\n\t<meta name=\"twitter:data2\" content=\"3 minuti\" \/>\n<script type=\"application\/ld+json\" class=\"yoast-schema-graph\">{\"@context\":\"https:\/\/schema.org\",\"@graph\":[{\"@type\":\"Article\",\"@id\":\"https:\/\/www.nordestsanita.it\/?p=906#article\",\"isPartOf\":{\"@id\":\"https:\/\/www.nordestsanita.it\/?p=906\"},\"author\":{\"name\":\"Antonella Prigioni\",\"@id\":\"https:\/\/www.nordestsanita.it\/#\/schema\/person\/eb00d2095f82bba1e841b1036626007b\"},\"headline\":\"Proviamo a recuperare entro fine anno\",\"datePublished\":\"2021-08-10T07:00:00+00:00\",\"dateModified\":\"2021-08-09T08:07:00+00:00\",\"mainEntityOfPage\":{\"@id\":\"https:\/\/www.nordestsanita.it\/?p=906\"},\"wordCount\":579,\"publisher\":{\"@id\":\"https:\/\/www.nordestsanita.it\/#organization\"},\"keywords\":[\"lanzarin\",\"prestazioni\",\"sanit\u00e0\"],\"articleSection\":[\"Sanit\u00e0\"],\"inLanguage\":\"it-IT\"},{\"@type\":\"WebPage\",\"@id\":\"https:\/\/www.nordestsanita.it\/?p=906\",\"url\":\"https:\/\/www.nordestsanita.it\/?p=906\",\"name\":\"Proviamo a recuperare entro fine anno - NES\",\"isPartOf\":{\"@id\":\"https:\/\/www.nordestsanita.it\/#website\"},\"datePublished\":\"2021-08-10T07:00:00+00:00\",\"dateModified\":\"2021-08-09T08:07:00+00:00\",\"description\":\"Intervista all'assessore alla Sanit\u00e0 della Regione Veneto Manuela Lanzarin\",\"breadcrumb\":{\"@id\":\"https:\/\/www.nordestsanita.it\/?p=906#breadcrumb\"},\"inLanguage\":\"it-IT\",\"potentialAction\":[{\"@type\":\"ReadAction\",\"target\":[\"https:\/\/www.nordestsanita.it\/?p=906\"]}]},{\"@type\":\"BreadcrumbList\",\"@id\":\"https:\/\/www.nordestsanita.it\/?p=906#breadcrumb\",\"itemListElement\":[{\"@type\":\"ListItem\",\"position\":1,\"name\":\"Home\",\"item\":\"https:\/\/www.nordestsanita.it\/\"},{\"@type\":\"ListItem\",\"position\":2,\"name\":\"Proviamo a recuperare entro fine anno\"}]},{\"@type\":\"WebSite\",\"@id\":\"https:\/\/www.nordestsanita.it\/#website\",\"url\":\"https:\/\/www.nordestsanita.it\/\",\"name\":\"NES\",\"description\":\"Nord Est Sanit\u00e0\",\"publisher\":{\"@id\":\"https:\/\/www.nordestsanita.it\/#organization\"},\"potentialAction\":[{\"@type\":\"SearchAction\",\"target\":{\"@type\":\"EntryPoint\",\"urlTemplate\":\"https:\/\/www.nordestsanita.it\/?s={search_term_string}\"},\"query-input\":\"required name=search_term_string\"}],\"inLanguage\":\"it-IT\"},{\"@type\":\"Organization\",\"@id\":\"https:\/\/www.nordestsanita.it\/#organization\",\"name\":\"NES\",\"url\":\"https:\/\/www.nordestsanita.it\/\",\"logo\":{\"@type\":\"ImageObject\",\"inLanguage\":\"it-IT\",\"@id\":\"https:\/\/www.nordestsanita.it\/#\/schema\/logo\/image\/\",\"url\":\"https:\/\/www.nordestsanita.it\/wp-content\/uploads\/2021\/05\/NES-1280.png\",\"contentUrl\":\"https:\/\/www.nordestsanita.it\/wp-content\/uploads\/2021\/05\/NES-1280.png\",\"width\":1280,\"height\":458,\"caption\":\"NES\"},\"image\":{\"@id\":\"https:\/\/www.nordestsanita.it\/#\/schema\/logo\/image\/\"}},{\"@type\":\"Person\",\"@id\":\"https:\/\/www.nordestsanita.it\/#\/schema\/person\/eb00d2095f82bba1e841b1036626007b\",\"name\":\"Antonella Prigioni\",\"image\":{\"@type\":\"ImageObject\",\"inLanguage\":\"it-IT\",\"@id\":\"https:\/\/www.nordestsanita.it\/#\/schema\/person\/image\/\",\"url\":\"https:\/\/secure.gravatar.com\/avatar\/60404108b11b1d23a0b6722ad4221495?s=96&d=mm&r=g\",\"contentUrl\":\"https:\/\/secure.gravatar.com\/avatar\/60404108b11b1d23a0b6722ad4221495?s=96&d=mm&r=g\",\"caption\":\"Antonella Prigioni\"},\"url\":\"https:\/\/www.nordestsanita.it\/?author=6\"}]}<\/script>\n<!-- \/ Yoast SEO plugin. -->","yoast_head_json":{"title":"Proviamo a recuperare entro fine anno - NES","description":"Intervista all'assessore alla Sanit\u00e0 della Regione Veneto Manuela Lanzarin","robots":{"index":"index","follow":"follow","max-snippet":"max-snippet:-1","max-image-preview":"max-image-preview:large","max-video-preview":"max-video-preview:-1"},"canonical":"https:\/\/www.nordestsanita.it\/?p=906","og_locale":"it_IT","og_type":"article","og_title":"Proviamo a recuperare entro fine anno - NES","og_description":"Intervista all'assessore alla Sanit\u00e0 della Regione Veneto Manuela Lanzarin","og_url":"https:\/\/www.nordestsanita.it\/?p=906","og_site_name":"NES","article_published_time":"2021-08-10T07:00:00+00:00","article_modified_time":"2021-08-09T08:07:00+00:00","og_image":[{"width":1920,"height":1385,"url":"https:\/\/www.nordestsanita.it\/wp-content\/uploads\/2021\/08\/clinic-1807543_1920.jpg","type":"image\/jpeg"}],"author":"Antonella Prigioni","twitter_card":"summary_large_image","twitter_misc":{"Scritto da":"Antonella Prigioni","Tempo di lettura stimato":"3 minuti"},"schema":{"@context":"https:\/\/schema.org","@graph":[{"@type":"Article","@id":"https:\/\/www.nordestsanita.it\/?p=906#article","isPartOf":{"@id":"https:\/\/www.nordestsanita.it\/?p=906"},"author":{"name":"Antonella Prigioni","@id":"https:\/\/www.nordestsanita.it\/#\/schema\/person\/eb00d2095f82bba1e841b1036626007b"},"headline":"Proviamo a recuperare entro fine anno","datePublished":"2021-08-10T07:00:00+00:00","dateModified":"2021-08-09T08:07:00+00:00","mainEntityOfPage":{"@id":"https:\/\/www.nordestsanita.it\/?p=906"},"wordCount":579,"publisher":{"@id":"https:\/\/www.nordestsanita.it\/#organization"},"keywords":["lanzarin","prestazioni","sanit\u00e0"],"articleSection":["Sanit\u00e0"],"inLanguage":"it-IT"},{"@type":"WebPage","@id":"https:\/\/www.nordestsanita.it\/?p=906","url":"https:\/\/www.nordestsanita.it\/?p=906","name":"Proviamo a recuperare entro fine anno - NES","isPartOf":{"@id":"https:\/\/www.nordestsanita.it\/#website"},"datePublished":"2021-08-10T07:00:00+00:00","dateModified":"2021-08-09T08:07:00+00:00","description":"Intervista all'assessore alla Sanit\u00e0 della Regione Veneto Manuela Lanzarin","breadcrumb":{"@id":"https:\/\/www.nordestsanita.it\/?p=906#breadcrumb"},"inLanguage":"it-IT","potentialAction":[{"@type":"ReadAction","target":["https:\/\/www.nordestsanita.it\/?p=906"]}]},{"@type":"BreadcrumbList","@id":"https:\/\/www.nordestsanita.it\/?p=906#breadcrumb","itemListElement":[{"@type":"ListItem","position":1,"name":"Home","item":"https:\/\/www.nordestsanita.it\/"},{"@type":"ListItem","position":2,"name":"Proviamo a recuperare entro fine anno"}]},{"@type":"WebSite","@id":"https:\/\/www.nordestsanita.it\/#website","url":"https:\/\/www.nordestsanita.it\/","name":"NES","description":"Nord Est Sanit\u00e0","publisher":{"@id":"https:\/\/www.nordestsanita.it\/#organization"},"potentialAction":[{"@type":"SearchAction","target":{"@type":"EntryPoint","urlTemplate":"https:\/\/www.nordestsanita.it\/?s={search_term_string}"},"query-input":"required name=search_term_string"}],"inLanguage":"it-IT"},{"@type":"Organization","@id":"https:\/\/www.nordestsanita.it\/#organization","name":"NES","url":"https:\/\/www.nordestsanita.it\/","logo":{"@type":"ImageObject","inLanguage":"it-IT","@id":"https:\/\/www.nordestsanita.it\/#\/schema\/logo\/image\/","url":"https:\/\/www.nordestsanita.it\/wp-content\/uploads\/2021\/05\/NES-1280.png","contentUrl":"https:\/\/www.nordestsanita.it\/wp-content\/uploads\/2021\/05\/NES-1280.png","width":1280,"height":458,"caption":"NES"},"image":{"@id":"https:\/\/www.nordestsanita.it\/#\/schema\/logo\/image\/"}},{"@type":"Person","@id":"https:\/\/www.nordestsanita.it\/#\/schema\/person\/eb00d2095f82bba1e841b1036626007b","name":"Antonella Prigioni","image":{"@type":"ImageObject","inLanguage":"it-IT","@id":"https:\/\/www.nordestsanita.it\/#\/schema\/person\/image\/","url":"https:\/\/secure.gravatar.com\/avatar\/60404108b11b1d23a0b6722ad4221495?s=96&d=mm&r=g","contentUrl":"https:\/\/secure.gravatar.com\/avatar\/60404108b11b1d23a0b6722ad4221495?s=96&d=mm&r=g","caption":"Antonella Prigioni"},"url":"https:\/\/www.nordestsanita.it\/?author=6"}]}},"jetpack_featured_media_url":"https:\/\/www.nordestsanita.it\/wp-content\/uploads\/2021\/08\/clinic-1807543_1920.jpg","_links":{"self":[{"href":"https:\/\/www.nordestsanita.it\/index.php?rest_route=\/wp\/v2\/posts\/906"}],"collection":[{"href":"https:\/\/www.nordestsanita.it\/index.php?rest_route=\/wp\/v2\/posts"}],"about":[{"href":"https:\/\/www.nordestsanita.it\/index.php?rest_route=\/wp\/v2\/types\/post"}],"author":[{"embeddable":true,"href":"https:\/\/www.nordestsanita.it\/index.php?rest_route=\/wp\/v2\/users\/6"}],"replies":[{"embeddable":true,"href":"https:\/\/www.nordestsanita.it\/index.php?rest_route=%2Fwp%2Fv2%2Fcomments&post=906"}],"version-history":[{"count":1,"href":"https:\/\/www.nordestsanita.it\/index.php?rest_route=\/wp\/v2\/posts\/906\/revisions"}],"predecessor-version":[{"id":909,"href":"https:\/\/www.nordestsanita.it\/index.php?rest_route=\/wp\/v2\/posts\/906\/revisions\/909"}],"wp:featuredmedia":[{"embeddable":true,"href":"https:\/\/www.nordestsanita.it\/index.php?rest_route=\/wp\/v2\/media\/907"}],"wp:attachment":[{"href":"https:\/\/www.nordestsanita.it\/index.php?rest_route=%2Fwp%2Fv2%2Fmedia&parent=906"}],"wp:term":[{"taxonomy":"category","embeddable":true,"href":"https:\/\/www.nordestsanita.it\/index.php?rest_route=%2Fwp%2Fv2%2Fcategories&post=906"},{"taxonomy":"post_tag","embeddable":true,"href":"https:\/\/www.nordestsanita.it\/index.php?rest_route=%2Fwp%2Fv2%2Ftags&post=906"}],"curies":[{"name":"wp","href":"https:\/\/api.w.org\/{rel}","templated":true}]}}