{"id":910,"date":"2021-08-11T09:00:00","date_gmt":"2021-08-11T07:00:00","guid":{"rendered":"https:\/\/www.nordestsanita.it\/?p=910"},"modified":"2021-08-09T10:06:04","modified_gmt":"2021-08-09T08:06:04","slug":"siamo-la-seconda-gamba-del-servizio-sanitario","status":"publish","type":"post","link":"https:\/\/www.nordestsanita.it\/?p=910","title":{"rendered":"Siamo la seconda gamba del Servizio Sanitario"},"content":{"rendered":"\n<p>Per camminare &#8211; anzi, in questo caso &#8211; per correre, ci vogliono due gambe. Anisap Veneto \u00e8 pronta ad essere la seconda gamba della sanit\u00e0 regionale, per aiutare il servizio sanitario a recuperare le prestazioni inevase durante la pandemia.<br>\u00e8 questo il messaggio portato da Giuseppe Caraccio, presidente di Anisap Veneto &#8211; Trentino Alto Adige, all\u2019assessore regionale alla Sanit\u00e0 Manuela Lanzarin, durante l\u2019incontro che si \u00e8 svolto marted\u00ec 3 agosto scorso.<\/p>\n\n\n\n<figure class=\"wp-block-image size-large is-resized\"><img data-attachment-id=\"912\" data-permalink=\"https:\/\/www.nordestsanita.it\/?attachment_id=912\" data-orig-file=\"https:\/\/www.nordestsanita.it\/wp-content\/uploads\/2021\/08\/IMG_0265-scaled.jpg\" data-orig-size=\"1920,2560\" data-comments-opened=\"0\" data-image-meta=\"{&quot;aperture&quot;:&quot;2.8&quot;,&quot;credit&quot;:&quot;&quot;,&quot;camera&quot;:&quot;iPhone 8 Plus&quot;,&quot;caption&quot;:&quot;&quot;,&quot;created_timestamp&quot;:&quot;1560968788&quot;,&quot;copyright&quot;:&quot;&quot;,&quot;focal_length&quot;:&quot;6.6&quot;,&quot;iso&quot;:&quot;160&quot;,&quot;shutter_speed&quot;:&quot;0.03030303030303&quot;,&quot;title&quot;:&quot;&quot;,&quot;orientation&quot;:&quot;1&quot;}\" data-image-title=\"Caraccio\" data-image-description=\"\" data-image-caption=\"\" data-medium-file=\"https:\/\/www.nordestsanita.it\/wp-content\/uploads\/2021\/08\/IMG_0265-225x300.jpg\" data-large-file=\"https:\/\/www.nordestsanita.it\/wp-content\/uploads\/2021\/08\/IMG_0265-768x1024.jpg\" loading=\"lazy\" src=\"https:\/\/www.nordestsanita.it\/wp-content\/uploads\/2021\/08\/IMG_0265-768x1024.jpg\" alt=\"Caraccio\" class=\"wp-image-912\" width=\"768\" height=\"1024\" srcset=\"https:\/\/www.nordestsanita.it\/wp-content\/uploads\/2021\/08\/IMG_0265-768x1024.jpg 768w, https:\/\/www.nordestsanita.it\/wp-content\/uploads\/2021\/08\/IMG_0265-225x300.jpg 225w, https:\/\/www.nordestsanita.it\/wp-content\/uploads\/2021\/08\/IMG_0265-1152x1536.jpg 1152w, https:\/\/www.nordestsanita.it\/wp-content\/uploads\/2021\/08\/IMG_0265-1536x2048.jpg 1536w, https:\/\/www.nordestsanita.it\/wp-content\/uploads\/2021\/08\/IMG_0265-scaled.jpg 1920w\" sizes=\"(max-width: 768px) 100vw, 768px\" \/><\/figure>\n\n\n\n<p><br>\u00abLe strutture private accreditate &#8211; spiega Caraccio &#8211; sono gi\u00e0 attrezzate per fornire queste prestazioni. Come tutte le realt\u00e0 sanitarie, hanno lavorato durante i mesi della pandemia, alleggerendo il peso che gravava sulla \u201cgamba pubblica\u201d della sanit\u00e0, impegnata a condurre la battaglia contro il coronavirus.<br>Le strutture ambulatoriali private accreditate afferenti ad Anisap, delle quali 50 associate operanti nel Veneto, in questi ultimi decenni di attivit\u00e0, in stretta sinergia con la Sanit\u00e0 Pubblica, non hanno mai smesso di essere un prezioso ed imprescindibile ausilio per i cittadini in quanto utenti del Servizio Sanitario Nazionale\u00bb.<br>La riunione con l\u2019assessore regionale alla Sanit\u00e0 era volta proprio a definire il contributo operativo che le strutture private convenzionate possono dare per recuperare le quasi 500mila prestazioni rimaste inevase.<br>\u00abNon tutti ricordano che il prezzo delle prestazioni nelle strutture private convenzionate \u00e8 uguale a quello della sanit\u00e0 pubblica. Alle strutture private convenzionate viene assegnato un budget, un tetto massimo di prestazioni da erogare.<br>Gli imprenditori investono in personale, macchinari, aggiornamento, per offrire servizi sempre all\u2019altezza delle aspettative, ma non possono speculare\u00bb.<br>In questa particolare situazione che si \u00e8 creata da febbraio 2020, con i primi decessi per Covid-19, con i reparti degli ospedali riconvertiti in fretta e furia in reparti per la cura dei contagiati, c\u2019\u00e8 stata una carenza sia di posti che di personale da dedicare al resto dell\u2019attivit\u00e0, in particolar modo nel settore della prevenzione.<br>Ecco perch\u00e9 la Regione Veneto, sulla scorta di quanto stabilito dal Governo, ha deciso di concedere un extrabudget alle strutture private accreditate, per superare il tetto di prestazioni inizialmente stabilito e contribuire ad assorbire la coda che si \u00e8 creata.<br>Ci\u00f2 vale non solo per l\u2019ordinaria gestione dell\u2019attivit\u00e0 sanitaria, ma soprattutto per tutelare la delicata situazione dei pazienti fragili quali i malati oncologici, per garantire le attivit\u00e0 di prevenzione primaria, per monitorare le malattie croniche che necessitano un\u2019osservazione costante.<br>\u00abAll\u2019assessore Lanzarin abbiamo messo a disposizione il personale, il tempo e l\u2019impegno di tutto il mondo Anisap &#8211; conferma Caraccio &#8211; perch\u00e9 siamo convinti che l\u2019unione faccia la forza. Sempre per tornare alla metafora precedente, non ci sentiamo una stampella della sanit\u00e0: siamo la seconda gamba, quella che permette al Servizio Sanitario Nazionale di camminare. Qui in Veneto abbiamo dato una risposta di qualit\u00e0 all\u2019emergenza, la gestione della pandemia \u00e8 diventata un fiore all\u2019occhiello che nelle altre regioni ci hanno invidiato e copiato.<br>Adesso \u00e8 il momento di fare vedere ancora una volta di cosa siamo capaci, riportando la situazione alla normalit\u00e0. Anisap conclude Caraccio &#8211; e tutto il mondo delle strutture private convenzionate, \u00e8 pronta a fare la propria parte\u00bb.<br>Giuliano Gargano<\/p>\n","protected":false},"excerpt":{"rendered":"<p>Il presidente di ANISAP Veneto: \u00abPronti a fare la nostra parte\u00bb<\/p>\n","protected":false},"author":4,"featured_media":911,"comment_status":"closed","ping_status":"open","sticky":false,"template":"","format":"standard","meta":[],"categories":[25,31],"tags":[108,138,136,139],"yoast_head":"<!-- This site is optimized with the Yoast SEO plugin v20.2 - https:\/\/yoast.com\/wordpress\/plugins\/seo\/ -->\n<title>Siamo la seconda gamba del Servizio Sanitario - NES<\/title>\n<meta name=\"robots\" content=\"index, follow, max-snippet:-1, max-image-preview:large, max-video-preview:-1\" \/>\n<link rel=\"canonical\" href=\"https:\/\/www.nordestsanita.it\/?p=910\" \/>\n<meta property=\"og:locale\" content=\"it_IT\" \/>\n<meta property=\"og:type\" content=\"article\" \/>\n<meta property=\"og:title\" content=\"Siamo la seconda gamba del Servizio Sanitario - NES\" \/>\n<meta property=\"og:description\" content=\"Il presidente di ANISAP Veneto: \u00abPronti a fare la nostra parte\u00bb\" \/>\n<meta property=\"og:url\" content=\"https:\/\/www.nordestsanita.it\/?p=910\" \/>\n<meta property=\"og:site_name\" content=\"NES\" \/>\n<meta property=\"article:published_time\" content=\"2021-08-11T07:00:00+00:00\" \/>\n<meta property=\"article:modified_time\" content=\"2021-08-09T08:06:04+00:00\" \/>\n<meta property=\"og:image\" content=\"https:\/\/www.nordestsanita.it\/wp-content\/uploads\/2021\/08\/canstockphoto30892971-scaled.jpg\" \/>\n\t<meta property=\"og:image:width\" content=\"2560\" \/>\n\t<meta property=\"og:image:height\" content=\"1707\" \/>\n\t<meta property=\"og:image:type\" content=\"image\/jpeg\" \/>\n<meta name=\"author\" content=\"Giuliano Gargano\" \/>\n<meta name=\"twitter:card\" content=\"summary_large_image\" \/>\n<meta name=\"twitter:label1\" content=\"Scritto da\" \/>\n\t<meta name=\"twitter:data1\" content=\"Giuliano Gargano\" \/>\n\t<meta name=\"twitter:label2\" content=\"Tempo di lettura stimato\" \/>\n\t<meta name=\"twitter:data2\" content=\"3 minuti\" \/>\n<script type=\"application\/ld+json\" class=\"yoast-schema-graph\">{\"@context\":\"https:\/\/schema.org\",\"@graph\":[{\"@type\":\"Article\",\"@id\":\"https:\/\/www.nordestsanita.it\/?p=910#article\",\"isPartOf\":{\"@id\":\"https:\/\/www.nordestsanita.it\/?p=910\"},\"author\":{\"name\":\"Giuliano Gargano\",\"@id\":\"https:\/\/www.nordestsanita.it\/#\/schema\/person\/b4d794d64b96b99781f85e73d2f335e8\"},\"headline\":\"Siamo la seconda gamba del Servizio Sanitario\",\"datePublished\":\"2021-08-11T07:00:00+00:00\",\"dateModified\":\"2021-08-09T08:06:04+00:00\",\"mainEntityOfPage\":{\"@id\":\"https:\/\/www.nordestsanita.it\/?p=910\"},\"wordCount\":513,\"publisher\":{\"@id\":\"https:\/\/www.nordestsanita.it\/#organization\"},\"keywords\":[\"anisap\",\"caraccio\",\"prestazioni\",\"SSN\"],\"articleSection\":[\"Sanit\u00e0\",\"Sanit\u00e0 Accreditata\"],\"inLanguage\":\"it-IT\"},{\"@type\":\"WebPage\",\"@id\":\"https:\/\/www.nordestsanita.it\/?p=910\",\"url\":\"https:\/\/www.nordestsanita.it\/?p=910\",\"name\":\"Siamo la seconda gamba del Servizio Sanitario - NES\",\"isPartOf\":{\"@id\":\"https:\/\/www.nordestsanita.it\/#website\"},\"datePublished\":\"2021-08-11T07:00:00+00:00\",\"dateModified\":\"2021-08-09T08:06:04+00:00\",\"breadcrumb\":{\"@id\":\"https:\/\/www.nordestsanita.it\/?p=910#breadcrumb\"},\"inLanguage\":\"it-IT\",\"potentialAction\":[{\"@type\":\"ReadAction\",\"target\":[\"https:\/\/www.nordestsanita.it\/?p=910\"]}]},{\"@type\":\"BreadcrumbList\",\"@id\":\"https:\/\/www.nordestsanita.it\/?p=910#breadcrumb\",\"itemListElement\":[{\"@type\":\"ListItem\",\"position\":1,\"name\":\"Home\",\"item\":\"https:\/\/www.nordestsanita.it\/\"},{\"@type\":\"ListItem\",\"position\":2,\"name\":\"Siamo la seconda gamba del Servizio Sanitario\"}]},{\"@type\":\"WebSite\",\"@id\":\"https:\/\/www.nordestsanita.it\/#website\",\"url\":\"https:\/\/www.nordestsanita.it\/\",\"name\":\"NES\",\"description\":\"Nord Est Sanit\u00e0\",\"publisher\":{\"@id\":\"https:\/\/www.nordestsanita.it\/#organization\"},\"potentialAction\":[{\"@type\":\"SearchAction\",\"target\":{\"@type\":\"EntryPoint\",\"urlTemplate\":\"https:\/\/www.nordestsanita.it\/?s={search_term_string}\"},\"query-input\":\"required name=search_term_string\"}],\"inLanguage\":\"it-IT\"},{\"@type\":\"Organization\",\"@id\":\"https:\/\/www.nordestsanita.it\/#organization\",\"name\":\"NES\",\"url\":\"https:\/\/www.nordestsanita.it\/\",\"logo\":{\"@type\":\"ImageObject\",\"inLanguage\":\"it-IT\",\"@id\":\"https:\/\/www.nordestsanita.it\/#\/schema\/logo\/image\/\",\"url\":\"https:\/\/www.nordestsanita.it\/wp-content\/uploads\/2021\/05\/NES-1280.png\",\"contentUrl\":\"https:\/\/www.nordestsanita.it\/wp-content\/uploads\/2021\/05\/NES-1280.png\",\"width\":1280,\"height\":458,\"caption\":\"NES\"},\"image\":{\"@id\":\"https:\/\/www.nordestsanita.it\/#\/schema\/logo\/image\/\"}},{\"@type\":\"Person\",\"@id\":\"https:\/\/www.nordestsanita.it\/#\/schema\/person\/b4d794d64b96b99781f85e73d2f335e8\",\"name\":\"Giuliano Gargano\",\"image\":{\"@type\":\"ImageObject\",\"inLanguage\":\"it-IT\",\"@id\":\"https:\/\/www.nordestsanita.it\/#\/schema\/person\/image\/\",\"url\":\"https:\/\/secure.gravatar.com\/avatar\/2358b20e394b61d6f72d0ddb2a3df6b3?s=96&d=mm&r=g\",\"contentUrl\":\"https:\/\/secure.gravatar.com\/avatar\/2358b20e394b61d6f72d0ddb2a3df6b3?s=96&d=mm&r=g\",\"caption\":\"Giuliano Gargano\"},\"url\":\"https:\/\/www.nordestsanita.it\/?author=4\"}]}<\/script>\n<!-- \/ Yoast SEO plugin. -->","yoast_head_json":{"title":"Siamo la seconda gamba del Servizio Sanitario - NES","robots":{"index":"index","follow":"follow","max-snippet":"max-snippet:-1","max-image-preview":"max-image-preview:large","max-video-preview":"max-video-preview:-1"},"canonical":"https:\/\/www.nordestsanita.it\/?p=910","og_locale":"it_IT","og_type":"article","og_title":"Siamo la seconda gamba del Servizio Sanitario - NES","og_description":"Il presidente di ANISAP Veneto: \u00abPronti a fare la nostra parte\u00bb","og_url":"https:\/\/www.nordestsanita.it\/?p=910","og_site_name":"NES","article_published_time":"2021-08-11T07:00:00+00:00","article_modified_time":"2021-08-09T08:06:04+00:00","og_image":[{"width":2560,"height":1707,"url":"https:\/\/www.nordestsanita.it\/wp-content\/uploads\/2021\/08\/canstockphoto30892971-scaled.jpg","type":"image\/jpeg"}],"author":"Giuliano Gargano","twitter_card":"summary_large_image","twitter_misc":{"Scritto da":"Giuliano Gargano","Tempo di lettura stimato":"3 minuti"},"schema":{"@context":"https:\/\/schema.org","@graph":[{"@type":"Article","@id":"https:\/\/www.nordestsanita.it\/?p=910#article","isPartOf":{"@id":"https:\/\/www.nordestsanita.it\/?p=910"},"author":{"name":"Giuliano Gargano","@id":"https:\/\/www.nordestsanita.it\/#\/schema\/person\/b4d794d64b96b99781f85e73d2f335e8"},"headline":"Siamo la seconda gamba del Servizio Sanitario","datePublished":"2021-08-11T07:00:00+00:00","dateModified":"2021-08-09T08:06:04+00:00","mainEntityOfPage":{"@id":"https:\/\/www.nordestsanita.it\/?p=910"},"wordCount":513,"publisher":{"@id":"https:\/\/www.nordestsanita.it\/#organization"},"keywords":["anisap","caraccio","prestazioni","SSN"],"articleSection":["Sanit\u00e0","Sanit\u00e0 Accreditata"],"inLanguage":"it-IT"},{"@type":"WebPage","@id":"https:\/\/www.nordestsanita.it\/?p=910","url":"https:\/\/www.nordestsanita.it\/?p=910","name":"Siamo la seconda gamba del Servizio Sanitario - NES","isPartOf":{"@id":"https:\/\/www.nordestsanita.it\/#website"},"datePublished":"2021-08-11T07:00:00+00:00","dateModified":"2021-08-09T08:06:04+00:00","breadcrumb":{"@id":"https:\/\/www.nordestsanita.it\/?p=910#breadcrumb"},"inLanguage":"it-IT","potentialAction":[{"@type":"ReadAction","target":["https:\/\/www.nordestsanita.it\/?p=910"]}]},{"@type":"BreadcrumbList","@id":"https:\/\/www.nordestsanita.it\/?p=910#breadcrumb","itemListElement":[{"@type":"ListItem","position":1,"name":"Home","item":"https:\/\/www.nordestsanita.it\/"},{"@type":"ListItem","position":2,"name":"Siamo la seconda gamba del Servizio Sanitario"}]},{"@type":"WebSite","@id":"https:\/\/www.nordestsanita.it\/#website","url":"https:\/\/www.nordestsanita.it\/","name":"NES","description":"Nord Est Sanit\u00e0","publisher":{"@id":"https:\/\/www.nordestsanita.it\/#organization"},"potentialAction":[{"@type":"SearchAction","target":{"@type":"EntryPoint","urlTemplate":"https:\/\/www.nordestsanita.it\/?s={search_term_string}"},"query-input":"required name=search_term_string"}],"inLanguage":"it-IT"},{"@type":"Organization","@id":"https:\/\/www.nordestsanita.it\/#organization","name":"NES","url":"https:\/\/www.nordestsanita.it\/","logo":{"@type":"ImageObject","inLanguage":"it-IT","@id":"https:\/\/www.nordestsanita.it\/#\/schema\/logo\/image\/","url":"https:\/\/www.nordestsanita.it\/wp-content\/uploads\/2021\/05\/NES-1280.png","contentUrl":"https:\/\/www.nordestsanita.it\/wp-content\/uploads\/2021\/05\/NES-1280.png","width":1280,"height":458,"caption":"NES"},"image":{"@id":"https:\/\/www.nordestsanita.it\/#\/schema\/logo\/image\/"}},{"@type":"Person","@id":"https:\/\/www.nordestsanita.it\/#\/schema\/person\/b4d794d64b96b99781f85e73d2f335e8","name":"Giuliano Gargano","image":{"@type":"ImageObject","inLanguage":"it-IT","@id":"https:\/\/www.nordestsanita.it\/#\/schema\/person\/image\/","url":"https:\/\/secure.gravatar.com\/avatar\/2358b20e394b61d6f72d0ddb2a3df6b3?s=96&d=mm&r=g","contentUrl":"https:\/\/secure.gravatar.com\/avatar\/2358b20e394b61d6f72d0ddb2a3df6b3?s=96&d=mm&r=g","caption":"Giuliano Gargano"},"url":"https:\/\/www.nordestsanita.it\/?author=4"}]}},"jetpack_featured_media_url":"https:\/\/www.nordestsanita.it\/wp-content\/uploads\/2021\/08\/canstockphoto30892971-scaled.jpg","_links":{"self":[{"href":"https:\/\/www.nordestsanita.it\/index.php?rest_route=\/wp\/v2\/posts\/910"}],"collection":[{"href":"https:\/\/www.nordestsanita.it\/index.php?rest_route=\/wp\/v2\/posts"}],"about":[{"href":"https:\/\/www.nordestsanita.it\/index.php?rest_route=\/wp\/v2\/types\/post"}],"author":[{"embeddable":true,"href":"https:\/\/www.nordestsanita.it\/index.php?rest_route=\/wp\/v2\/users\/4"}],"replies":[{"embeddable":true,"href":"https:\/\/www.nordestsanita.it\/index.php?rest_route=%2Fwp%2Fv2%2Fcomments&post=910"}],"version-history":[{"count":1,"href":"https:\/\/www.nordestsanita.it\/index.php?rest_route=\/wp\/v2\/posts\/910\/revisions"}],"predecessor-version":[{"id":913,"href":"https:\/\/www.nordestsanita.it\/index.php?rest_route=\/wp\/v2\/posts\/910\/revisions\/913"}],"wp:featuredmedia":[{"embeddable":true,"href":"https:\/\/www.nordestsanita.it\/index.php?rest_route=\/wp\/v2\/media\/911"}],"wp:attachment":[{"href":"https:\/\/www.nordestsanita.it\/index.php?rest_route=%2Fwp%2Fv2%2Fmedia&parent=910"}],"wp:term":[{"taxonomy":"category","embeddable":true,"href":"https:\/\/www.nordestsanita.it\/index.php?rest_route=%2Fwp%2Fv2%2Fcategories&post=910"},{"taxonomy":"post_tag","embeddable":true,"href":"https:\/\/www.nordestsanita.it\/index.php?rest_route=%2Fwp%2Fv2%2Ftags&post=910"}],"curies":[{"name":"wp","href":"https:\/\/api.w.org\/{rel}","templated":true}]}}