{"id":924,"date":"2021-08-17T09:00:00","date_gmt":"2021-08-17T07:00:00","guid":{"rendered":"https:\/\/www.nordestsanita.it\/?p=924"},"modified":"2021-08-09T10:48:21","modified_gmt":"2021-08-09T08:48:21","slug":"bassetti-vacciniamo-piu-persone-possibili","status":"publish","type":"post","link":"https:\/\/www.nordestsanita.it\/?p=924","title":{"rendered":"Bassetti: \u00abVacciniamo pi\u00f9 persone possibili\u00bb"},"content":{"rendered":"\n<p>Figliuolo? Il Mancini della vaccinazione: ha preso una squadra disunita e ha condotto una campagna vaccinale degna di questo nome\u00bb.<\/p>\n\n\n\n<p>Si parte dal calcio e dalla vittoria dell\u2019Italia agli Europei 2020 nell\u2019intervista con Matteo Bassetti, direttore della Clinica Malattie Infettive del Policlinico San Martino di Genova. Ci sentiamo prorio all\u2019indomani della partita e il tono di voce tradisce la passione con cui \u00e8 stata vissuta la finale.<br>\u00abHo gioito anche io, sono senza voce. E\u2019 stata una bella soddisfazione ed \u00e8 la dimostrazione che, quando vuole, l\u2019Italia non \u00e8 seconda a nessuno\u00bb.<\/p>\n\n\n\n<p><strong>Anche nella lotta al Coronavirus?<br><\/strong>S\u00ec e no\u2026 Credo che all\u2019Italia sia mancata una politica matura, capace di assumersi delle responsabilit\u00e0. Non si pu\u00f2, per un 2% in pi\u00f9 nelle intenzioni di voto, essere ondivaghi o traccheggiare. Ci vogliono decisioni ferme.<\/p>\n\n\n\n<p><strong>Un esempio \u00e8 quello della scuola?<br><\/strong>Esattamente. Siamo a met\u00e0 luglio e non sappiamo ancora come rientreremo a scuola. Se il 15 o il 20 settembre qualche istituto ricomincer\u00e0 con la didattica a distanza sar\u00e0 un fallimento. Vorr\u00e0 dire che non avremo affrontato per tempo questa vicenda, che \u00e8 fondamentale: agli studenti va restituita la scuola in presenza e questo passa attraverso la loro vaccinazione e quella degli insegnanti.<\/p>\n\n\n\n<p><strong>Ma lei non si \u00e8 mai espresso per l\u2019obbligatoriet\u00e0 del vaccino.<br><\/strong>Ho sempre parlato di moral suasion per la popolazione generale: dovremmo essere capaci di convincere le persone che vaccinarsi salva la loro vita e quelle degli altri. Ma per alcuni settori specifici &#8211; il mondo sanitario per primo, poi quello scolastico, o quello degli operatori di pubblica sicurezza, una politica seria e forte dovrebbe prendere delle decisioni sulla obbligatoriet\u00e0. La scuola, gli ospedali, sono luoghi pubblici, non puoi essere libero di scegliere se vaccinarti o meno.<\/p>\n\n\n\n<p><strong>Un\u2019altra categoria che risulta ancora non adeguatamente coperta \u00e8 quella degli ultrasessantenni. Problemi nella campagna?<\/strong><br>Come dicevo, bisogna riconoscere al commissario Figliuolo di avere fatto un ottimo lavoro. Abbiamo messo la vaccinazione a disposizione di tutti. Sempre per fare il paragone con il calcio, siamo passati dai tempi della cronaca delle partite su Novantesimo Minuto ai servizi on-demand.<br>Oggi, chi si vuole vaccinare, pu\u00f2 scegliere dove, come e quando farlo. Quindi il problema \u00e8 un altro, io la chiamo \u201csindrome di Superman\u201d.<br>Voglio dire che i sessantenni si sentono pi\u00f9 forti, pi\u00f9 al sicuro dei 70enni e degli 80enni, hanno letto e sentito che erano quelli che andavano in ospedale e rischiavano la vita e si sentono protetti. E\u2019 un errore, per molti motivi. Innanzitutto a 60 anni \u00e8 facile avere delle comorbilit\u00e0 (dal diabete all\u2019obesit\u00e0, fino all\u2019ipertensione) che indeboliscono l\u2019organismo. E poi, se le classi d\u2019et\u00e0 successive sono protette e il virus continua a circolare, raggiunger\u00e0 proprio chi non ha copertura. Diciamolo chiaramente, chi non si vaccina oggi \u00e8 proprio un incosciente.<\/p>\n\n\n\n<p><strong>Nelle ultime settimane si \u00e8 parlato tanto della cosiddetta variante Delta. Dobbiamo preoccuparci o si sta esagerando?<\/strong><br>Si sta molto esagerando. Se agitare lo spauracchio di una variante serve per spingere le persone a vaccinarsi, pur non essendo la strada pi\u00f9 ortodossa, posso capire. Altrimenti \u00e8 l\u2019ennesimo caso di terrorismo psicologico fine a se stesso, \u00e8 un gridare al lupo al lupo che non porta da nessuna parte. Innanzitutto diciamo che la doppia inoculazione copre prefettamente da tutte le varianti: non ci sono evidenze scientifiche di mutazioni non coperte dal vaccino\u2026<\/p>\n\n\n\n<p><strong>Ma gi\u00e0 si parla di terza dose\u2026<br><\/strong>Ne parlano le aziende farmaceutiche. Io sono dalla loro parte, ma loro devono fare l\u2019industria, il resto spetta agli scienziati. Dire oggi che occorra la terza dose \u00e8 fuori luogo e prematuro.<\/p>\n\n\n\n<p><strong>Dicevamo, la variante Delta.<br><\/strong>S\u00ec, niente terrorismo. Ripeto purtroppo che siamo in una fase di debolezza della politica che non aiuta. Continuare a dire che se non stiamo attenti torneremo alle zone gialle e rosse crea soltanto ansia.<br>Basterebbe fare rispettare le regole esistenti. A livello europeo abbiamo raggiunto l\u2019accordo sul Green Pass, abbiamo uno strumento che in qualche modo dovrebbe \u201cpremiare\u201d chi \u00e8 vaccinato.<br>Ma se non siamo capaci di fare controlli, a cosa serve? Chi arriva dall\u2019estero viene controllato? C\u2019\u00e8 un sistema capillare che permetta di verificare se si \u00e8 stati vaccinati o no? No, purtroppo e cos\u00ec rendiamo vano tutto il lavoro fatto, manchiamo proprio nel settore della prevenzione.<\/p>\n\n\n\n<p><strong>Quindi come trascorreremo questa estate?<br><\/strong>Non diversamente da quella precedente. Probabilmente arriveremo a zero morti verso fine luglio, ci sar\u00e0 un fisiologico aumento dei contagi gi\u00e0 in agosto, ma non dell\u2019ospedalizzazione e dei decessi. Soprattutto non dovremo farci prendere dell\u2019ansia guardando quello che succede in altri Paesi. Guardiamo a casa nostra e vacciniamo pi\u00f9 persone possibili. Lo abbiamo dimostrato con il calcio: se facciamo squadra, non siamo secondi a nessuno.<\/p>\n\n\n\n<p><strong>Quando ne usciremo?<br><\/strong>Difficile dirlo. Credo che dovremo convivere con il Covid-19 per molto tempo.<br>Ma se ci vacciniamo tutti e usiamo un po\u2019 di accortezza, penso che gi\u00e0 dal prossimo inverno potremo trascorrere una vita normale.<\/p>\n","protected":false},"excerpt":{"rendered":"<p>L\u2019infettivologo: politica non all\u2019altezza, servono organizzazione e decisione.<br \/>\nFigliuolo \u00e8 il Mancini dei vaccini. Nessun allarmismo sulla variante delta<\/p>\n","protected":false},"author":4,"featured_media":925,"comment_status":"closed","ping_status":"open","sticky":false,"template":"","format":"standard","meta":[],"categories":[29,25],"tags":[144,39],"yoast_head":"<!-- This site is optimized with the Yoast SEO plugin v20.2 - https:\/\/yoast.com\/wordpress\/plugins\/seo\/ -->\n<title>Bassetti: \u00abVacciniamo pi\u00f9 persone possibili\u00bb - NES<\/title>\n<meta name=\"robots\" content=\"index, follow, max-snippet:-1, max-image-preview:large, max-video-preview:-1\" \/>\n<link rel=\"canonical\" href=\"https:\/\/www.nordestsanita.it\/?p=924\" \/>\n<meta property=\"og:locale\" content=\"it_IT\" \/>\n<meta property=\"og:type\" content=\"article\" \/>\n<meta property=\"og:title\" content=\"Bassetti: \u00abVacciniamo pi\u00f9 persone possibili\u00bb - NES\" \/>\n<meta property=\"og:description\" content=\"L\u2019infettivologo: politica non all\u2019altezza, servono organizzazione e decisione. Figliuolo \u00e8 il Mancini dei vaccini. Nessun allarmismo sulla variante delta\" \/>\n<meta property=\"og:url\" content=\"https:\/\/www.nordestsanita.it\/?p=924\" \/>\n<meta property=\"og:site_name\" content=\"NES\" \/>\n<meta property=\"article:published_time\" content=\"2021-08-17T07:00:00+00:00\" \/>\n<meta property=\"article:modified_time\" content=\"2021-08-09T08:48:21+00:00\" \/>\n<meta property=\"og:image\" content=\"https:\/\/www.nordestsanita.it\/wp-content\/uploads\/2021\/08\/Bassetti-scaled.jpg\" \/>\n\t<meta property=\"og:image:width\" content=\"2560\" \/>\n\t<meta property=\"og:image:height\" content=\"1707\" \/>\n\t<meta property=\"og:image:type\" content=\"image\/jpeg\" \/>\n<meta name=\"author\" content=\"Giuliano Gargano\" \/>\n<meta name=\"twitter:card\" content=\"summary_large_image\" \/>\n<meta name=\"twitter:label1\" content=\"Scritto da\" \/>\n\t<meta name=\"twitter:data1\" content=\"Giuliano Gargano\" \/>\n\t<meta name=\"twitter:label2\" content=\"Tempo di lettura stimato\" \/>\n\t<meta name=\"twitter:data2\" content=\"4 minuti\" \/>\n<script type=\"application\/ld+json\" class=\"yoast-schema-graph\">{\"@context\":\"https:\/\/schema.org\",\"@graph\":[{\"@type\":\"Article\",\"@id\":\"https:\/\/www.nordestsanita.it\/?p=924#article\",\"isPartOf\":{\"@id\":\"https:\/\/www.nordestsanita.it\/?p=924\"},\"author\":{\"name\":\"Giuliano Gargano\",\"@id\":\"https:\/\/www.nordestsanita.it\/#\/schema\/person\/b4d794d64b96b99781f85e73d2f335e8\"},\"headline\":\"Bassetti: \u00abVacciniamo pi\u00f9 persone possibili\u00bb\",\"datePublished\":\"2021-08-17T07:00:00+00:00\",\"dateModified\":\"2021-08-09T08:48:21+00:00\",\"mainEntityOfPage\":{\"@id\":\"https:\/\/www.nordestsanita.it\/?p=924\"},\"wordCount\":812,\"publisher\":{\"@id\":\"https:\/\/www.nordestsanita.it\/#organization\"},\"keywords\":[\"bassetti\",\"Covid-19\"],\"articleSection\":[\"Covid\",\"Sanit\u00e0\"],\"inLanguage\":\"it-IT\"},{\"@type\":\"WebPage\",\"@id\":\"https:\/\/www.nordestsanita.it\/?p=924\",\"url\":\"https:\/\/www.nordestsanita.it\/?p=924\",\"name\":\"Bassetti: \u00abVacciniamo pi\u00f9 persone possibili\u00bb - NES\",\"isPartOf\":{\"@id\":\"https:\/\/www.nordestsanita.it\/#website\"},\"datePublished\":\"2021-08-17T07:00:00+00:00\",\"dateModified\":\"2021-08-09T08:48:21+00:00\",\"breadcrumb\":{\"@id\":\"https:\/\/www.nordestsanita.it\/?p=924#breadcrumb\"},\"inLanguage\":\"it-IT\",\"potentialAction\":[{\"@type\":\"ReadAction\",\"target\":[\"https:\/\/www.nordestsanita.it\/?p=924\"]}]},{\"@type\":\"BreadcrumbList\",\"@id\":\"https:\/\/www.nordestsanita.it\/?p=924#breadcrumb\",\"itemListElement\":[{\"@type\":\"ListItem\",\"position\":1,\"name\":\"Home\",\"item\":\"https:\/\/www.nordestsanita.it\/\"},{\"@type\":\"ListItem\",\"position\":2,\"name\":\"Bassetti: \u00abVacciniamo pi\u00f9 persone possibili\u00bb\"}]},{\"@type\":\"WebSite\",\"@id\":\"https:\/\/www.nordestsanita.it\/#website\",\"url\":\"https:\/\/www.nordestsanita.it\/\",\"name\":\"NES\",\"description\":\"Nord Est Sanit\u00e0\",\"publisher\":{\"@id\":\"https:\/\/www.nordestsanita.it\/#organization\"},\"potentialAction\":[{\"@type\":\"SearchAction\",\"target\":{\"@type\":\"EntryPoint\",\"urlTemplate\":\"https:\/\/www.nordestsanita.it\/?s={search_term_string}\"},\"query-input\":\"required name=search_term_string\"}],\"inLanguage\":\"it-IT\"},{\"@type\":\"Organization\",\"@id\":\"https:\/\/www.nordestsanita.it\/#organization\",\"name\":\"NES\",\"url\":\"https:\/\/www.nordestsanita.it\/\",\"logo\":{\"@type\":\"ImageObject\",\"inLanguage\":\"it-IT\",\"@id\":\"https:\/\/www.nordestsanita.it\/#\/schema\/logo\/image\/\",\"url\":\"https:\/\/www.nordestsanita.it\/wp-content\/uploads\/2021\/05\/NES-1280.png\",\"contentUrl\":\"https:\/\/www.nordestsanita.it\/wp-content\/uploads\/2021\/05\/NES-1280.png\",\"width\":1280,\"height\":458,\"caption\":\"NES\"},\"image\":{\"@id\":\"https:\/\/www.nordestsanita.it\/#\/schema\/logo\/image\/\"}},{\"@type\":\"Person\",\"@id\":\"https:\/\/www.nordestsanita.it\/#\/schema\/person\/b4d794d64b96b99781f85e73d2f335e8\",\"name\":\"Giuliano Gargano\",\"image\":{\"@type\":\"ImageObject\",\"inLanguage\":\"it-IT\",\"@id\":\"https:\/\/www.nordestsanita.it\/#\/schema\/person\/image\/\",\"url\":\"https:\/\/secure.gravatar.com\/avatar\/2358b20e394b61d6f72d0ddb2a3df6b3?s=96&d=mm&r=g\",\"contentUrl\":\"https:\/\/secure.gravatar.com\/avatar\/2358b20e394b61d6f72d0ddb2a3df6b3?s=96&d=mm&r=g\",\"caption\":\"Giuliano Gargano\"},\"url\":\"https:\/\/www.nordestsanita.it\/?author=4\"}]}<\/script>\n<!-- \/ Yoast SEO plugin. -->","yoast_head_json":{"title":"Bassetti: \u00abVacciniamo pi\u00f9 persone possibili\u00bb - NES","robots":{"index":"index","follow":"follow","max-snippet":"max-snippet:-1","max-image-preview":"max-image-preview:large","max-video-preview":"max-video-preview:-1"},"canonical":"https:\/\/www.nordestsanita.it\/?p=924","og_locale":"it_IT","og_type":"article","og_title":"Bassetti: \u00abVacciniamo pi\u00f9 persone possibili\u00bb - NES","og_description":"L\u2019infettivologo: politica non all\u2019altezza, servono organizzazione e decisione. Figliuolo \u00e8 il Mancini dei vaccini. Nessun allarmismo sulla variante delta","og_url":"https:\/\/www.nordestsanita.it\/?p=924","og_site_name":"NES","article_published_time":"2021-08-17T07:00:00+00:00","article_modified_time":"2021-08-09T08:48:21+00:00","og_image":[{"width":2560,"height":1707,"url":"https:\/\/www.nordestsanita.it\/wp-content\/uploads\/2021\/08\/Bassetti-scaled.jpg","type":"image\/jpeg"}],"author":"Giuliano Gargano","twitter_card":"summary_large_image","twitter_misc":{"Scritto da":"Giuliano Gargano","Tempo di lettura stimato":"4 minuti"},"schema":{"@context":"https:\/\/schema.org","@graph":[{"@type":"Article","@id":"https:\/\/www.nordestsanita.it\/?p=924#article","isPartOf":{"@id":"https:\/\/www.nordestsanita.it\/?p=924"},"author":{"name":"Giuliano Gargano","@id":"https:\/\/www.nordestsanita.it\/#\/schema\/person\/b4d794d64b96b99781f85e73d2f335e8"},"headline":"Bassetti: \u00abVacciniamo pi\u00f9 persone possibili\u00bb","datePublished":"2021-08-17T07:00:00+00:00","dateModified":"2021-08-09T08:48:21+00:00","mainEntityOfPage":{"@id":"https:\/\/www.nordestsanita.it\/?p=924"},"wordCount":812,"publisher":{"@id":"https:\/\/www.nordestsanita.it\/#organization"},"keywords":["bassetti","Covid-19"],"articleSection":["Covid","Sanit\u00e0"],"inLanguage":"it-IT"},{"@type":"WebPage","@id":"https:\/\/www.nordestsanita.it\/?p=924","url":"https:\/\/www.nordestsanita.it\/?p=924","name":"Bassetti: \u00abVacciniamo pi\u00f9 persone possibili\u00bb - NES","isPartOf":{"@id":"https:\/\/www.nordestsanita.it\/#website"},"datePublished":"2021-08-17T07:00:00+00:00","dateModified":"2021-08-09T08:48:21+00:00","breadcrumb":{"@id":"https:\/\/www.nordestsanita.it\/?p=924#breadcrumb"},"inLanguage":"it-IT","potentialAction":[{"@type":"ReadAction","target":["https:\/\/www.nordestsanita.it\/?p=924"]}]},{"@type":"BreadcrumbList","@id":"https:\/\/www.nordestsanita.it\/?p=924#breadcrumb","itemListElement":[{"@type":"ListItem","position":1,"name":"Home","item":"https:\/\/www.nordestsanita.it\/"},{"@type":"ListItem","position":2,"name":"Bassetti: \u00abVacciniamo pi\u00f9 persone possibili\u00bb"}]},{"@type":"WebSite","@id":"https:\/\/www.nordestsanita.it\/#website","url":"https:\/\/www.nordestsanita.it\/","name":"NES","description":"Nord Est Sanit\u00e0","publisher":{"@id":"https:\/\/www.nordestsanita.it\/#organization"},"potentialAction":[{"@type":"SearchAction","target":{"@type":"EntryPoint","urlTemplate":"https:\/\/www.nordestsanita.it\/?s={search_term_string}"},"query-input":"required name=search_term_string"}],"inLanguage":"it-IT"},{"@type":"Organization","@id":"https:\/\/www.nordestsanita.it\/#organization","name":"NES","url":"https:\/\/www.nordestsanita.it\/","logo":{"@type":"ImageObject","inLanguage":"it-IT","@id":"https:\/\/www.nordestsanita.it\/#\/schema\/logo\/image\/","url":"https:\/\/www.nordestsanita.it\/wp-content\/uploads\/2021\/05\/NES-1280.png","contentUrl":"https:\/\/www.nordestsanita.it\/wp-content\/uploads\/2021\/05\/NES-1280.png","width":1280,"height":458,"caption":"NES"},"image":{"@id":"https:\/\/www.nordestsanita.it\/#\/schema\/logo\/image\/"}},{"@type":"Person","@id":"https:\/\/www.nordestsanita.it\/#\/schema\/person\/b4d794d64b96b99781f85e73d2f335e8","name":"Giuliano Gargano","image":{"@type":"ImageObject","inLanguage":"it-IT","@id":"https:\/\/www.nordestsanita.it\/#\/schema\/person\/image\/","url":"https:\/\/secure.gravatar.com\/avatar\/2358b20e394b61d6f72d0ddb2a3df6b3?s=96&d=mm&r=g","contentUrl":"https:\/\/secure.gravatar.com\/avatar\/2358b20e394b61d6f72d0ddb2a3df6b3?s=96&d=mm&r=g","caption":"Giuliano Gargano"},"url":"https:\/\/www.nordestsanita.it\/?author=4"}]}},"jetpack_featured_media_url":"https:\/\/www.nordestsanita.it\/wp-content\/uploads\/2021\/08\/Bassetti-scaled.jpg","_links":{"self":[{"href":"https:\/\/www.nordestsanita.it\/index.php?rest_route=\/wp\/v2\/posts\/924"}],"collection":[{"href":"https:\/\/www.nordestsanita.it\/index.php?rest_route=\/wp\/v2\/posts"}],"about":[{"href":"https:\/\/www.nordestsanita.it\/index.php?rest_route=\/wp\/v2\/types\/post"}],"author":[{"embeddable":true,"href":"https:\/\/www.nordestsanita.it\/index.php?rest_route=\/wp\/v2\/users\/4"}],"replies":[{"embeddable":true,"href":"https:\/\/www.nordestsanita.it\/index.php?rest_route=%2Fwp%2Fv2%2Fcomments&post=924"}],"version-history":[{"count":1,"href":"https:\/\/www.nordestsanita.it\/index.php?rest_route=\/wp\/v2\/posts\/924\/revisions"}],"predecessor-version":[{"id":926,"href":"https:\/\/www.nordestsanita.it\/index.php?rest_route=\/wp\/v2\/posts\/924\/revisions\/926"}],"wp:featuredmedia":[{"embeddable":true,"href":"https:\/\/www.nordestsanita.it\/index.php?rest_route=\/wp\/v2\/media\/925"}],"wp:attachment":[{"href":"https:\/\/www.nordestsanita.it\/index.php?rest_route=%2Fwp%2Fv2%2Fmedia&parent=924"}],"wp:term":[{"taxonomy":"category","embeddable":true,"href":"https:\/\/www.nordestsanita.it\/index.php?rest_route=%2Fwp%2Fv2%2Fcategories&post=924"},{"taxonomy":"post_tag","embeddable":true,"href":"https:\/\/www.nordestsanita.it\/index.php?rest_route=%2Fwp%2Fv2%2Ftags&post=924"}],"curies":[{"name":"wp","href":"https:\/\/api.w.org\/{rel}","templated":true}]}}