{"id":936,"date":"2021-08-25T13:22:47","date_gmt":"2021-08-25T11:22:47","guid":{"rendered":"https:\/\/www.nordestsanita.it\/?p=936"},"modified":"2021-08-25T13:22:48","modified_gmt":"2021-08-25T11:22:48","slug":"quando-si-puo-rinviare-il-vaccino-anti-covid-19-il-vademecum-della-simg","status":"publish","type":"post","link":"https:\/\/www.nordestsanita.it\/?p=936","title":{"rendered":"Quando si pu\u00f2 rinviare il vaccino anti-Covid-19? Il vademecum della Simg"},"content":{"rendered":"\n<p>Il vaccino si sta rivelando arma fondamentale nell\u2019arginare il progredire dell\u2019infezione da Sars-CoV-2. Ma gli interrogativi su come ci si debba comportare a fronte di casistiche particolari, su cui sono intervenute le circolari n. 35309 del 4 agosto 2021 e n. 35444 del 5 agosto 2021 sulla composizione dei vaccini in uso nel nostro Paese, sono ancora tanti. <\/p>\n\n\n\n<!--more-->\n\n\n\n<p>Per fare chiarezza, la SIMG \u2013 Societ\u00e0 Italiana di Medicina Generale e delle Cure Primarie ha realizzato un Documento, redatto in collaborazione con l\u2019Istituto Superiore di Sanit\u00e0 e il Ministero della Salute, che contiene informazioni utili ai medici di famiglia ed ai medici vaccinatori. Il Documento \u00e8 a cura di Claudio Cricelli, Ignazio Grattagliano della SIMG, con il contributo di Ilaria Miano, Loris Pagano, Luigi Galvano, Pierangelo Lora Aprile (SIMG); Roberto Ieraci \u2013 Referente Scientifico per le Vaccinazioni &#8211; Gruppo Strategie Vaccinali Regione Lazio; Silvio Brusaferro, Luigi Bertinato, Anna Teresa Palamara, Fortunato \u201cPaolo\u201d D\u2019ancona, Claudia Isonne (ISS); Andrea Siddu (Ministero della Salute). Questo vademecum operativo \u00e8 disponibile online <a href=\"https:\/\/www.simg.it\/esenzione-da-vaccino-anti-covid-19-vademecum-operativo\/\">qui<\/a>. <\/p>\n\n\n\n<p>\u201c<em>\u00c8 fondamentale fare chiarezza<\/em> \u2013 sottolinea il Prof. <strong>Claudio Cricelli<\/strong>, Presidente SIMG \u2013 <em>Il nostro obiettivo \u00e8 dare indicazioni precise e inequivocabili ai Medici di Medicina Generale e ai Medici vaccinatori impegnati in queste ore nel processo di vaccinazione della popolazione. Ogni caso specifico deve essere ricondotto alle rispettive esigenze, senza dare adito a false notizie o ad ambiguit\u00e0 che spesso lasciano dubbi e perplessit\u00e0<\/em>\u201d.<\/p>\n\n\n\n<p>Con queste circolari il Ministero della Salute ha disciplinato l\u2019adozione e il rilascio dei \u201ccertificati di esenzione alla vaccinazione anti-Covid-19\u201d nei confronti di coloro che per condizioni cliniche specifiche e documentate non possono ricevere la vaccinazione o completare il ciclo vaccinale e di coloro che hanno ricevuto il vaccino Reithera, anche al fine di ottenere la certificazione verde europea Covid-19. Quindi, temporaneamente e fino al 30 settembre 2021, salvo ulteriori disposizioni, sul territorio nazionale sono validi i certificati di esclusione vaccinale gi\u00e0 emessi dai Servizi Sanitari Regionali.<\/p>\n\n\n\n<p>Vi sono delle condizioni in cui \u00e8 preferibile posticipare la vaccinazione e sono legate alla protezione gi\u00e0 garantita dall\u2019infezione: si tratta dei pazienti positivi al SARS-CoV-2 ad almeno tre mesi dal primo tampone positivo e pazienti con Covid-19 che abbiano ricevuto terapia con anticorpi monoclonali laddove non siano trascorsi almeno tre mesi dal trattamento. Vi sono poi soggetti in quarantena per contatto stretto e soggetti con sintomi sospetti di Covid-19: in questi casi l\u2019opportunit\u00e0 di vaccinazione avverr\u00e0 alla fine della quarantena o successivamente al termine del percorso diagnostico. A questi si aggiungono pazienti con malattia acuta severa non differibile (come un evento cardiovascolare acuto, epatite acuta, nefrite acuta, stato settico o grave infezione di qualunque organo\/tessuto, condizione chirurgica maggiore, ecc.).<\/p>\n\n\n\n<p>In generale un vaccino non deve essere somministrato quando \u00e8 presente una controindicazione tale che il rischio di reazioni avverse \u00e8 maggiore dei vantaggi indotti dalla vaccinazione. La presenza di una controindicazione ad uno specifico vaccino non esclude la possibilit\u00e0 che possano essere somministrati altri vaccini disponibili. Come controindicazione specifica nei confronti di uno o pi\u00f9 dei vaccini attualmente utilizzati in Italia, la SIMG identifica l\u2019ipersensibilit\u00e0 al principio attivo o ad uno qualsiasi degli eccipienti:<\/p>\n\n\n\n<p>\u2212 il polietilene-glicole-2000 PEG contenuto nel vaccino Comirnaty- (Pfizer-Biontech)<\/p>\n\n\n\n<p>\u2212 a) il metossipolietilene-glicole-2000 (PEG2000 DMG) (I PEG sono un gruppo di allergeni noti che comunemente si trovano in farmaci, prodotti per la casa e cosmetici),<\/p>\n\n\n\n<p>\u2212 b) la trometamina (componente di mezzi di contrasto radiografico e di alcuni farmaci somministrabili per via orale e parenterale) contenuta nel vaccino Spikevax (Moderna)<\/p>\n\n\n\n<p>\u2212 Il polisorbato contenuto nei vaccini Covid-19 a vettore virale Vaxzevria (AstraZeneca) e Janssen (Johnson&amp;Johnson). lI polisorbato 80 \u00e8 una sostanza ampiamente utilizzata nel settore farmaceutico e alimentare ed \u00e8 presente in molti farmaci inclusi vaccini e preparazioni di anticorpi monoclonali.<\/p>\n\n\n\n<p>\u2212 PEG e polisorbato sono strutturalmente correlati e pu\u00f2 verificarsi ipersensibilit\u00e0 cross-reattiva tra questi composti<\/p>\n\n\n\n<p>\u2212 soggetti che hanno manifestato sindrome trombotica associata a trombocitopenia in seguito alla vaccinazione con Vaxzevria;<\/p>\n\n\n\n<p>\u2212 soggetti che in precedenza hanno manifestato episodi di sindrome da perdita capillare con Vaxzevria o Janssen.<\/p>\n\n\n\n<p>In caso di reazione allergica grave alla prima dose di un vaccino Covid-19 si pu\u00f2 considerare la possibilit\u00e0 di utilizzare un vaccino di tipo diverso per completare l\u2019immunizzazione. <strong>La vaccinazione anti COVID-19 non \u00e8 controindicata in gravidanza<\/strong>. La sindrome di Guillain-Barr\u00e9 \u00e8 stata segnalata molto raramente dopo somministrazione di Vaxzevria e Janssen.<\/p>\n\n\n\n<p>Vi sono anche alcune false controindicazioni, che proprio in quanto tali non danno diritto a certificato di esenzione. Tra le pi\u00f9 comuni, l\u2019allattamento non rappresenta una controindicazione alla vaccinazione; le persone con storia di paralisi di Bell e i soggetti affetti da malattie autoimmuni possono ricevere qualsiasi vaccino autorizzato da EMA, cos\u00ec come &nbsp;i pazienti immunocompromessi e gli oncologici in corso di radio-chemioterapia, salvo specifiche controindicazioni. Persone con una storia di gravi reazioni allergiche non correlate a vaccini o farmaci iniettabili, come allergie al cibo, agli animali domestici, al veleno di insetti, all&#8217;ambiente o al lattice, possano essere vaccinate, cos\u00ec come coloro con storia di allergie ai farmaci orali o di storia familiare di gravi reazioni allergiche, o che potrebbero avere un&#8217;allergia pi\u00f9 lieve ai vaccini (nessuna anafilassi).<\/p>\n","protected":false},"excerpt":{"rendered":"<p>Quando si pu\u00f2 rinviare il vaccino anti-Covid-19? Il vademecum della Societ\u00e0 Italiana di Medicina Generale e delle Cure Primarie.<\/p>\n","protected":false},"author":8,"featured_media":855,"comment_status":"closed","ping_status":"open","sticky":false,"template":"","format":"standard","meta":[],"categories":[29,25],"tags":[39,68],"yoast_head":"<!-- This site is optimized with the Yoast SEO plugin v20.2 - https:\/\/yoast.com\/wordpress\/plugins\/seo\/ -->\n<title>Quando si pu\u00f2 rinviare il vaccino anti-Covid-19? - NES<\/title>\n<meta name=\"description\" content=\"Quando si pu\u00f2 rinviare il vaccino anti-Covid-19? Il vademecum della Societ\u00e0 Italiana di Medicina Generale e delle Cure Primarie.\" \/>\n<meta name=\"robots\" content=\"index, follow, max-snippet:-1, max-image-preview:large, max-video-preview:-1\" \/>\n<link rel=\"canonical\" href=\"https:\/\/www.nordestsanita.it\/?p=936\" \/>\n<meta property=\"og:locale\" content=\"it_IT\" \/>\n<meta property=\"og:type\" content=\"article\" \/>\n<meta property=\"og:title\" content=\"Quando si pu\u00f2 rinviare il vaccino anti-Covid-19? - NES\" \/>\n<meta property=\"og:description\" content=\"Quando si pu\u00f2 rinviare il vaccino anti-Covid-19? Il vademecum della Societ\u00e0 Italiana di Medicina Generale e delle Cure Primarie.\" \/>\n<meta property=\"og:url\" content=\"https:\/\/www.nordestsanita.it\/?p=936\" \/>\n<meta property=\"og:site_name\" content=\"NES\" \/>\n<meta property=\"article:published_time\" content=\"2021-08-25T11:22:47+00:00\" \/>\n<meta property=\"article:modified_time\" content=\"2021-08-25T11:22:48+00:00\" \/>\n<meta property=\"og:image\" content=\"https:\/\/www.nordestsanita.it\/wp-content\/uploads\/2021\/07\/Vaccino-Covid.jpg\" \/>\n\t<meta property=\"og:image:width\" content=\"640\" \/>\n\t<meta property=\"og:image:height\" content=\"360\" \/>\n\t<meta property=\"og:image:type\" content=\"image\/jpeg\" \/>\n<meta name=\"author\" content=\"Redazione\" \/>\n<meta name=\"twitter:card\" content=\"summary_large_image\" \/>\n<meta name=\"twitter:label1\" content=\"Scritto da\" \/>\n\t<meta name=\"twitter:data1\" content=\"Redazione\" \/>\n\t<meta name=\"twitter:label2\" content=\"Tempo di lettura stimato\" \/>\n\t<meta name=\"twitter:data2\" content=\"4 minuti\" \/>\n<script type=\"application\/ld+json\" class=\"yoast-schema-graph\">{\"@context\":\"https:\/\/schema.org\",\"@graph\":[{\"@type\":\"Article\",\"@id\":\"https:\/\/www.nordestsanita.it\/?p=936#article\",\"isPartOf\":{\"@id\":\"https:\/\/www.nordestsanita.it\/?p=936\"},\"author\":{\"name\":\"Redazione\",\"@id\":\"https:\/\/www.nordestsanita.it\/#\/schema\/person\/e5a7dc6dca45cb55e67d4a127b0e969a\"},\"headline\":\"Quando si pu\u00f2 rinviare il vaccino anti-Covid-19? Il vademecum della Simg\",\"datePublished\":\"2021-08-25T11:22:47+00:00\",\"dateModified\":\"2021-08-25T11:22:48+00:00\",\"mainEntityOfPage\":{\"@id\":\"https:\/\/www.nordestsanita.it\/?p=936\"},\"wordCount\":837,\"publisher\":{\"@id\":\"https:\/\/www.nordestsanita.it\/#organization\"},\"keywords\":[\"Covid-19\",\"vaccino\"],\"articleSection\":[\"Covid\",\"Sanit\u00e0\"],\"inLanguage\":\"it-IT\"},{\"@type\":\"WebPage\",\"@id\":\"https:\/\/www.nordestsanita.it\/?p=936\",\"url\":\"https:\/\/www.nordestsanita.it\/?p=936\",\"name\":\"Quando si pu\u00f2 rinviare il vaccino anti-Covid-19? - NES\",\"isPartOf\":{\"@id\":\"https:\/\/www.nordestsanita.it\/#website\"},\"datePublished\":\"2021-08-25T11:22:47+00:00\",\"dateModified\":\"2021-08-25T11:22:48+00:00\",\"description\":\"Quando si pu\u00f2 rinviare il vaccino anti-Covid-19? Il vademecum della Societ\u00e0 Italiana di Medicina Generale e delle Cure Primarie.\",\"breadcrumb\":{\"@id\":\"https:\/\/www.nordestsanita.it\/?p=936#breadcrumb\"},\"inLanguage\":\"it-IT\",\"potentialAction\":[{\"@type\":\"ReadAction\",\"target\":[\"https:\/\/www.nordestsanita.it\/?p=936\"]}]},{\"@type\":\"BreadcrumbList\",\"@id\":\"https:\/\/www.nordestsanita.it\/?p=936#breadcrumb\",\"itemListElement\":[{\"@type\":\"ListItem\",\"position\":1,\"name\":\"Home\",\"item\":\"https:\/\/www.nordestsanita.it\/\"},{\"@type\":\"ListItem\",\"position\":2,\"name\":\"Quando si pu\u00f2 rinviare il vaccino anti-Covid-19? Il vademecum della Simg\"}]},{\"@type\":\"WebSite\",\"@id\":\"https:\/\/www.nordestsanita.it\/#website\",\"url\":\"https:\/\/www.nordestsanita.it\/\",\"name\":\"NES\",\"description\":\"Nord Est Sanit\u00e0\",\"publisher\":{\"@id\":\"https:\/\/www.nordestsanita.it\/#organization\"},\"potentialAction\":[{\"@type\":\"SearchAction\",\"target\":{\"@type\":\"EntryPoint\",\"urlTemplate\":\"https:\/\/www.nordestsanita.it\/?s={search_term_string}\"},\"query-input\":\"required name=search_term_string\"}],\"inLanguage\":\"it-IT\"},{\"@type\":\"Organization\",\"@id\":\"https:\/\/www.nordestsanita.it\/#organization\",\"name\":\"NES\",\"url\":\"https:\/\/www.nordestsanita.it\/\",\"logo\":{\"@type\":\"ImageObject\",\"inLanguage\":\"it-IT\",\"@id\":\"https:\/\/www.nordestsanita.it\/#\/schema\/logo\/image\/\",\"url\":\"https:\/\/www.nordestsanita.it\/wp-content\/uploads\/2021\/05\/NES-1280.png\",\"contentUrl\":\"https:\/\/www.nordestsanita.it\/wp-content\/uploads\/2021\/05\/NES-1280.png\",\"width\":1280,\"height\":458,\"caption\":\"NES\"},\"image\":{\"@id\":\"https:\/\/www.nordestsanita.it\/#\/schema\/logo\/image\/\"}},{\"@type\":\"Person\",\"@id\":\"https:\/\/www.nordestsanita.it\/#\/schema\/person\/e5a7dc6dca45cb55e67d4a127b0e969a\",\"name\":\"Redazione\",\"image\":{\"@type\":\"ImageObject\",\"inLanguage\":\"it-IT\",\"@id\":\"https:\/\/www.nordestsanita.it\/#\/schema\/person\/image\/\",\"url\":\"https:\/\/secure.gravatar.com\/avatar\/3f19a9b3d671ea36ec67c4badf3f961a?s=96&d=mm&r=g\",\"contentUrl\":\"https:\/\/secure.gravatar.com\/avatar\/3f19a9b3d671ea36ec67c4badf3f961a?s=96&d=mm&r=g\",\"caption\":\"Redazione\"},\"url\":\"https:\/\/www.nordestsanita.it\/?author=8\"}]}<\/script>\n<!-- \/ Yoast SEO plugin. -->","yoast_head_json":{"title":"Quando si pu\u00f2 rinviare il vaccino anti-Covid-19? - NES","description":"Quando si pu\u00f2 rinviare il vaccino anti-Covid-19? Il vademecum della Societ\u00e0 Italiana di Medicina Generale e delle Cure Primarie.","robots":{"index":"index","follow":"follow","max-snippet":"max-snippet:-1","max-image-preview":"max-image-preview:large","max-video-preview":"max-video-preview:-1"},"canonical":"https:\/\/www.nordestsanita.it\/?p=936","og_locale":"it_IT","og_type":"article","og_title":"Quando si pu\u00f2 rinviare il vaccino anti-Covid-19? - NES","og_description":"Quando si pu\u00f2 rinviare il vaccino anti-Covid-19? Il vademecum della Societ\u00e0 Italiana di Medicina Generale e delle Cure Primarie.","og_url":"https:\/\/www.nordestsanita.it\/?p=936","og_site_name":"NES","article_published_time":"2021-08-25T11:22:47+00:00","article_modified_time":"2021-08-25T11:22:48+00:00","og_image":[{"width":640,"height":360,"url":"https:\/\/www.nordestsanita.it\/wp-content\/uploads\/2021\/07\/Vaccino-Covid.jpg","type":"image\/jpeg"}],"author":"Redazione","twitter_card":"summary_large_image","twitter_misc":{"Scritto da":"Redazione","Tempo di lettura stimato":"4 minuti"},"schema":{"@context":"https:\/\/schema.org","@graph":[{"@type":"Article","@id":"https:\/\/www.nordestsanita.it\/?p=936#article","isPartOf":{"@id":"https:\/\/www.nordestsanita.it\/?p=936"},"author":{"name":"Redazione","@id":"https:\/\/www.nordestsanita.it\/#\/schema\/person\/e5a7dc6dca45cb55e67d4a127b0e969a"},"headline":"Quando si pu\u00f2 rinviare il vaccino anti-Covid-19? Il vademecum della Simg","datePublished":"2021-08-25T11:22:47+00:00","dateModified":"2021-08-25T11:22:48+00:00","mainEntityOfPage":{"@id":"https:\/\/www.nordestsanita.it\/?p=936"},"wordCount":837,"publisher":{"@id":"https:\/\/www.nordestsanita.it\/#organization"},"keywords":["Covid-19","vaccino"],"articleSection":["Covid","Sanit\u00e0"],"inLanguage":"it-IT"},{"@type":"WebPage","@id":"https:\/\/www.nordestsanita.it\/?p=936","url":"https:\/\/www.nordestsanita.it\/?p=936","name":"Quando si pu\u00f2 rinviare il vaccino anti-Covid-19? - NES","isPartOf":{"@id":"https:\/\/www.nordestsanita.it\/#website"},"datePublished":"2021-08-25T11:22:47+00:00","dateModified":"2021-08-25T11:22:48+00:00","description":"Quando si pu\u00f2 rinviare il vaccino anti-Covid-19? Il vademecum della Societ\u00e0 Italiana di Medicina Generale e delle Cure Primarie.","breadcrumb":{"@id":"https:\/\/www.nordestsanita.it\/?p=936#breadcrumb"},"inLanguage":"it-IT","potentialAction":[{"@type":"ReadAction","target":["https:\/\/www.nordestsanita.it\/?p=936"]}]},{"@type":"BreadcrumbList","@id":"https:\/\/www.nordestsanita.it\/?p=936#breadcrumb","itemListElement":[{"@type":"ListItem","position":1,"name":"Home","item":"https:\/\/www.nordestsanita.it\/"},{"@type":"ListItem","position":2,"name":"Quando si pu\u00f2 rinviare il vaccino anti-Covid-19? Il vademecum della Simg"}]},{"@type":"WebSite","@id":"https:\/\/www.nordestsanita.it\/#website","url":"https:\/\/www.nordestsanita.it\/","name":"NES","description":"Nord Est Sanit\u00e0","publisher":{"@id":"https:\/\/www.nordestsanita.it\/#organization"},"potentialAction":[{"@type":"SearchAction","target":{"@type":"EntryPoint","urlTemplate":"https:\/\/www.nordestsanita.it\/?s={search_term_string}"},"query-input":"required name=search_term_string"}],"inLanguage":"it-IT"},{"@type":"Organization","@id":"https:\/\/www.nordestsanita.it\/#organization","name":"NES","url":"https:\/\/www.nordestsanita.it\/","logo":{"@type":"ImageObject","inLanguage":"it-IT","@id":"https:\/\/www.nordestsanita.it\/#\/schema\/logo\/image\/","url":"https:\/\/www.nordestsanita.it\/wp-content\/uploads\/2021\/05\/NES-1280.png","contentUrl":"https:\/\/www.nordestsanita.it\/wp-content\/uploads\/2021\/05\/NES-1280.png","width":1280,"height":458,"caption":"NES"},"image":{"@id":"https:\/\/www.nordestsanita.it\/#\/schema\/logo\/image\/"}},{"@type":"Person","@id":"https:\/\/www.nordestsanita.it\/#\/schema\/person\/e5a7dc6dca45cb55e67d4a127b0e969a","name":"Redazione","image":{"@type":"ImageObject","inLanguage":"it-IT","@id":"https:\/\/www.nordestsanita.it\/#\/schema\/person\/image\/","url":"https:\/\/secure.gravatar.com\/avatar\/3f19a9b3d671ea36ec67c4badf3f961a?s=96&d=mm&r=g","contentUrl":"https:\/\/secure.gravatar.com\/avatar\/3f19a9b3d671ea36ec67c4badf3f961a?s=96&d=mm&r=g","caption":"Redazione"},"url":"https:\/\/www.nordestsanita.it\/?author=8"}]}},"jetpack_featured_media_url":"https:\/\/www.nordestsanita.it\/wp-content\/uploads\/2021\/07\/Vaccino-Covid.jpg","_links":{"self":[{"href":"https:\/\/www.nordestsanita.it\/index.php?rest_route=\/wp\/v2\/posts\/936"}],"collection":[{"href":"https:\/\/www.nordestsanita.it\/index.php?rest_route=\/wp\/v2\/posts"}],"about":[{"href":"https:\/\/www.nordestsanita.it\/index.php?rest_route=\/wp\/v2\/types\/post"}],"author":[{"embeddable":true,"href":"https:\/\/www.nordestsanita.it\/index.php?rest_route=\/wp\/v2\/users\/8"}],"replies":[{"embeddable":true,"href":"https:\/\/www.nordestsanita.it\/index.php?rest_route=%2Fwp%2Fv2%2Fcomments&post=936"}],"version-history":[{"count":1,"href":"https:\/\/www.nordestsanita.it\/index.php?rest_route=\/wp\/v2\/posts\/936\/revisions"}],"predecessor-version":[{"id":937,"href":"https:\/\/www.nordestsanita.it\/index.php?rest_route=\/wp\/v2\/posts\/936\/revisions\/937"}],"wp:featuredmedia":[{"embeddable":true,"href":"https:\/\/www.nordestsanita.it\/index.php?rest_route=\/wp\/v2\/media\/855"}],"wp:attachment":[{"href":"https:\/\/www.nordestsanita.it\/index.php?rest_route=%2Fwp%2Fv2%2Fmedia&parent=936"}],"wp:term":[{"taxonomy":"category","embeddable":true,"href":"https:\/\/www.nordestsanita.it\/index.php?rest_route=%2Fwp%2Fv2%2Fcategories&post=936"},{"taxonomy":"post_tag","embeddable":true,"href":"https:\/\/www.nordestsanita.it\/index.php?rest_route=%2Fwp%2Fv2%2Ftags&post=936"}],"curies":[{"name":"wp","href":"https:\/\/api.w.org\/{rel}","templated":true}]}}