{"id":944,"date":"2021-09-01T13:18:38","date_gmt":"2021-09-01T11:18:38","guid":{"rendered":"https:\/\/www.nordestsanita.it\/?p=944"},"modified":"2021-09-01T13:20:07","modified_gmt":"2021-09-01T11:20:07","slug":"covid-19-lappello-della-sipps-per-una-scuola-sicura-rendere-il-vaccino-obbligatorio-anche-agli-studenti","status":"publish","type":"post","link":"https:\/\/www.nordestsanita.it\/?p=944","title":{"rendered":"COVID-19, l\u2019appello della SIPPS: \u201cper una scuola sicura rendere il vaccino obbligatorio anche agli studenti\u201d"},"content":{"rendered":"\n<p>Mancano pochi giorni dall\u2019inizio delle scuole: lezioni in presenza, green pass, mascherine e distanziamento, sono i confini dettati dal decreto ministeriale del 6 agosto scorso per ritornare in classe in sicurezza. Ma adesso si discute anche dell&#8217;obbligo del green pass per gli insegnanti e il personale scolastico, dell&#8217;uso obbligatorio della mascherina dai 6 anni in su e delle possibili deroghe se alle attivit\u00e0 parteciperanno solo studenti vaccinati, soggetti con patologie o disabilit\u00e0 incompatibili con l&#8217;uso della mascherina e per gli alunni impegnati nelle attivit\u00e0 sportive. <\/p>\n\n\n\n<!--more-->\n\n\n\n<p>&#8220;Io renderei obbligatorio il vaccino anti Covid-19 per tutti gli adolescenti e quanto prima pure per i bambini under 12, quando sar\u00e0 disponibile il vaccino anche per loro, perch\u00e9 \u00e8 l&#8217;unico vero strumento di prevenzione primaria contro questo virus&#8221;. Una posizione netta quella di Giuseppe Di Mauro, presidente della Societ\u00e0 Italiana di Pediatria Preventiva e Sociale (SIPPS), che aggiunge: &#8220;Non sarebbe la prima volta, nel 2017 con coraggio scientifico l&#8217;allora ministro della Salute, Beatrice Lorenzin, rese obbligatoria la vaccinazione tetravalente anti-morbillo, anti-parotite, anti-rosolia e anti-varicella poich\u00e9 il calo delle coperture fece scattare l&#8217;allarme di un possibile ritorno di nuove epidemie. Cos\u00ec come i medici devono vaccinarsi- ribadisce Di Mauro- anche i docenti dovranno farlo, perch\u00e9 sono a contatto con la popolazione. Lo stesso discorso dovrebbe essere esteso a chi lavora nei supermercati e in generale a chiunque sia a contatto con le persone: tutti devono vaccinarsi&#8221;.<\/p>\n\n\n\n<p>Per il presidente della SIPPS la via maestra di ogni campagna pro vaccini \u00e8 quella della comunicazione. &#8220;Dobbiamo vincere le esitazioni attivando uno scambio importante con i genitori e gli adolescenti, per sfatare le false credenze. Il vaccino a m-RNA non \u00e8 sperimentale, parliamo di una tecnologia usata da oltre 20 anni con ottimi risultati ed effetti collaterali minimali&#8221;.<\/p>\n\n\n\n<p>Purtroppo da cattive informazioni deriva l&#8217;aumento di contagi e ricoveri, con regioni che passano in fascia gialla. &#8220;E quando il virus ci contagia non sappiamo ancora cosa causer\u00e0 a diversi anni di distanza. Ad esempio- esemplifica il pediatra- il virus sinciziale spiana la strada all&#8217;asma in et\u00e0 adulta. Tutti i virus possono avere a medio e lungo termine effetti e complicazioni, in particolare nei bambini&#8221;. <\/p>\n\n\n\n<p>Adesso, senza una campagna vaccinale a tappeto contro il Covid-19 il ritorno alla scuola in presenza fa tornare lo spettro della Dad: &#8220;Due anni di Dad hanno creato danni pedagogici e psicologici enormi in bambini e adolescenti. Sono anni persi. Restiamo fiduciosi sul progetto elaborato dall&#8217;Istituto Superiore di Sanit\u00e0 relativo alla somministrazione dei tamponi salivari nelle scuole sentinella di primo e secondo grado, perch\u00e9 questi test rapidi restano un importante strumento per il tracciamento. Va tuttavia ancora definita la gestione dei cluster una volta trovati dei positivi in una scuola. Sarebbe importante sviluppare dei percorsi di sicurezza validi per tutti gli istituti in riferimento alla quarantena, penso soprattutto agli under 12 per i quali non c&#8217;\u00e8 il vaccino. Qui dovranno primeggiare dispositivi e misure di sicurezza, dall&#8217;igiene delle mani, al distanziamento e all&#8217;uso delle mascherine&#8221;. Di Mauro conclude lanciando un appello: &#8220;Giovani vaccinatevi, genitori informatevi da fonti sicure e ricordate che i pediatri sono riferimenti seri ed esperti. Abbiate fiducia in noi, che vogliamo bene i vostri figli come voi&#8221;.<\/p>\n","protected":false},"excerpt":{"rendered":"<p>COVID-19, l&#8217;appello della Societ\u00e0 Italiana di Pediatria: per una scuola sicura rendere obbligatorio il vaccino agli studenti. <\/p>\n","protected":false},"author":8,"featured_media":947,"comment_status":"closed","ping_status":"open","sticky":false,"template":"","format":"standard","meta":[],"categories":[24],"tags":[39,148,68],"yoast_head":"<!-- This site is optimized with the Yoast SEO plugin v20.2 - https:\/\/yoast.com\/wordpress\/plugins\/seo\/ -->\n<title>COVID-19: per scuola sicura obbligatorio il vaccino agli studenti - NES<\/title>\n<meta name=\"description\" content=\"COVID-19, l&#039;appello della Societ\u00e0 Italiana di Pediatria: per una scuola sicura rendere obbligatorio il vaccino agli studenti.\" \/>\n<meta name=\"robots\" content=\"index, follow, max-snippet:-1, max-image-preview:large, max-video-preview:-1\" \/>\n<link rel=\"canonical\" href=\"https:\/\/www.nordestsanita.it\/?p=944\" \/>\n<meta property=\"og:locale\" content=\"it_IT\" \/>\n<meta property=\"og:type\" content=\"article\" \/>\n<meta property=\"og:title\" content=\"COVID-19: per scuola sicura obbligatorio il vaccino agli studenti - NES\" \/>\n<meta property=\"og:description\" content=\"COVID-19, l&#039;appello della Societ\u00e0 Italiana di Pediatria: per una scuola sicura rendere obbligatorio il vaccino agli studenti.\" \/>\n<meta property=\"og:url\" content=\"https:\/\/www.nordestsanita.it\/?p=944\" \/>\n<meta property=\"og:site_name\" content=\"NES\" \/>\n<meta property=\"article:published_time\" content=\"2021-09-01T11:18:38+00:00\" \/>\n<meta property=\"article:modified_time\" content=\"2021-09-01T11:20:07+00:00\" \/>\n<meta property=\"og:image\" content=\"https:\/\/www.nordestsanita.it\/wp-content\/uploads\/2021\/09\/scuole.jpg\" \/>\n\t<meta property=\"og:image:width\" content=\"960\" \/>\n\t<meta property=\"og:image:height\" content=\"640\" \/>\n\t<meta property=\"og:image:type\" content=\"image\/jpeg\" \/>\n<meta name=\"author\" content=\"Redazione\" \/>\n<meta name=\"twitter:card\" content=\"summary_large_image\" \/>\n<meta name=\"twitter:label1\" content=\"Scritto da\" \/>\n\t<meta name=\"twitter:data1\" content=\"Redazione\" \/>\n\t<meta name=\"twitter:label2\" content=\"Tempo di lettura stimato\" \/>\n\t<meta name=\"twitter:data2\" content=\"3 minuti\" \/>\n<script type=\"application\/ld+json\" class=\"yoast-schema-graph\">{\"@context\":\"https:\/\/schema.org\",\"@graph\":[{\"@type\":\"Article\",\"@id\":\"https:\/\/www.nordestsanita.it\/?p=944#article\",\"isPartOf\":{\"@id\":\"https:\/\/www.nordestsanita.it\/?p=944\"},\"author\":{\"name\":\"Redazione\",\"@id\":\"https:\/\/www.nordestsanita.it\/#\/schema\/person\/e5a7dc6dca45cb55e67d4a127b0e969a\"},\"headline\":\"COVID-19, l\u2019appello della SIPPS: \u201cper una scuola sicura rendere il vaccino obbligatorio anche agli studenti\u201d\",\"datePublished\":\"2021-09-01T11:18:38+00:00\",\"dateModified\":\"2021-09-01T11:20:07+00:00\",\"mainEntityOfPage\":{\"@id\":\"https:\/\/www.nordestsanita.it\/?p=944\"},\"wordCount\":533,\"publisher\":{\"@id\":\"https:\/\/www.nordestsanita.it\/#organization\"},\"keywords\":[\"Covid-19\",\"scuola\",\"vaccino\"],\"articleSection\":[\"Attualit\u00e0\"],\"inLanguage\":\"it-IT\"},{\"@type\":\"WebPage\",\"@id\":\"https:\/\/www.nordestsanita.it\/?p=944\",\"url\":\"https:\/\/www.nordestsanita.it\/?p=944\",\"name\":\"COVID-19: per scuola sicura obbligatorio il vaccino agli studenti - NES\",\"isPartOf\":{\"@id\":\"https:\/\/www.nordestsanita.it\/#website\"},\"datePublished\":\"2021-09-01T11:18:38+00:00\",\"dateModified\":\"2021-09-01T11:20:07+00:00\",\"description\":\"COVID-19, l'appello della Societ\u00e0 Italiana di Pediatria: per una scuola sicura rendere obbligatorio il vaccino agli studenti.\",\"breadcrumb\":{\"@id\":\"https:\/\/www.nordestsanita.it\/?p=944#breadcrumb\"},\"inLanguage\":\"it-IT\",\"potentialAction\":[{\"@type\":\"ReadAction\",\"target\":[\"https:\/\/www.nordestsanita.it\/?p=944\"]}]},{\"@type\":\"BreadcrumbList\",\"@id\":\"https:\/\/www.nordestsanita.it\/?p=944#breadcrumb\",\"itemListElement\":[{\"@type\":\"ListItem\",\"position\":1,\"name\":\"Home\",\"item\":\"https:\/\/www.nordestsanita.it\/\"},{\"@type\":\"ListItem\",\"position\":2,\"name\":\"COVID-19, l\u2019appello della SIPPS: \u201cper una scuola sicura rendere il vaccino obbligatorio anche agli studenti\u201d\"}]},{\"@type\":\"WebSite\",\"@id\":\"https:\/\/www.nordestsanita.it\/#website\",\"url\":\"https:\/\/www.nordestsanita.it\/\",\"name\":\"NES\",\"description\":\"Nord Est Sanit\u00e0\",\"publisher\":{\"@id\":\"https:\/\/www.nordestsanita.it\/#organization\"},\"potentialAction\":[{\"@type\":\"SearchAction\",\"target\":{\"@type\":\"EntryPoint\",\"urlTemplate\":\"https:\/\/www.nordestsanita.it\/?s={search_term_string}\"},\"query-input\":\"required name=search_term_string\"}],\"inLanguage\":\"it-IT\"},{\"@type\":\"Organization\",\"@id\":\"https:\/\/www.nordestsanita.it\/#organization\",\"name\":\"NES\",\"url\":\"https:\/\/www.nordestsanita.it\/\",\"logo\":{\"@type\":\"ImageObject\",\"inLanguage\":\"it-IT\",\"@id\":\"https:\/\/www.nordestsanita.it\/#\/schema\/logo\/image\/\",\"url\":\"https:\/\/www.nordestsanita.it\/wp-content\/uploads\/2021\/05\/NES-1280.png\",\"contentUrl\":\"https:\/\/www.nordestsanita.it\/wp-content\/uploads\/2021\/05\/NES-1280.png\",\"width\":1280,\"height\":458,\"caption\":\"NES\"},\"image\":{\"@id\":\"https:\/\/www.nordestsanita.it\/#\/schema\/logo\/image\/\"}},{\"@type\":\"Person\",\"@id\":\"https:\/\/www.nordestsanita.it\/#\/schema\/person\/e5a7dc6dca45cb55e67d4a127b0e969a\",\"name\":\"Redazione\",\"image\":{\"@type\":\"ImageObject\",\"inLanguage\":\"it-IT\",\"@id\":\"https:\/\/www.nordestsanita.it\/#\/schema\/person\/image\/\",\"url\":\"https:\/\/secure.gravatar.com\/avatar\/3f19a9b3d671ea36ec67c4badf3f961a?s=96&d=mm&r=g\",\"contentUrl\":\"https:\/\/secure.gravatar.com\/avatar\/3f19a9b3d671ea36ec67c4badf3f961a?s=96&d=mm&r=g\",\"caption\":\"Redazione\"},\"url\":\"https:\/\/www.nordestsanita.it\/?author=8\"}]}<\/script>\n<!-- \/ Yoast SEO plugin. -->","yoast_head_json":{"title":"COVID-19: per scuola sicura obbligatorio il vaccino agli studenti - NES","description":"COVID-19, l'appello della Societ\u00e0 Italiana di Pediatria: per una scuola sicura rendere obbligatorio il vaccino agli studenti.","robots":{"index":"index","follow":"follow","max-snippet":"max-snippet:-1","max-image-preview":"max-image-preview:large","max-video-preview":"max-video-preview:-1"},"canonical":"https:\/\/www.nordestsanita.it\/?p=944","og_locale":"it_IT","og_type":"article","og_title":"COVID-19: per scuola sicura obbligatorio il vaccino agli studenti - NES","og_description":"COVID-19, l'appello della Societ\u00e0 Italiana di Pediatria: per una scuola sicura rendere obbligatorio il vaccino agli studenti.","og_url":"https:\/\/www.nordestsanita.it\/?p=944","og_site_name":"NES","article_published_time":"2021-09-01T11:18:38+00:00","article_modified_time":"2021-09-01T11:20:07+00:00","og_image":[{"width":960,"height":640,"url":"https:\/\/www.nordestsanita.it\/wp-content\/uploads\/2021\/09\/scuole.jpg","type":"image\/jpeg"}],"author":"Redazione","twitter_card":"summary_large_image","twitter_misc":{"Scritto da":"Redazione","Tempo di lettura stimato":"3 minuti"},"schema":{"@context":"https:\/\/schema.org","@graph":[{"@type":"Article","@id":"https:\/\/www.nordestsanita.it\/?p=944#article","isPartOf":{"@id":"https:\/\/www.nordestsanita.it\/?p=944"},"author":{"name":"Redazione","@id":"https:\/\/www.nordestsanita.it\/#\/schema\/person\/e5a7dc6dca45cb55e67d4a127b0e969a"},"headline":"COVID-19, l\u2019appello della SIPPS: \u201cper una scuola sicura rendere il vaccino obbligatorio anche agli studenti\u201d","datePublished":"2021-09-01T11:18:38+00:00","dateModified":"2021-09-01T11:20:07+00:00","mainEntityOfPage":{"@id":"https:\/\/www.nordestsanita.it\/?p=944"},"wordCount":533,"publisher":{"@id":"https:\/\/www.nordestsanita.it\/#organization"},"keywords":["Covid-19","scuola","vaccino"],"articleSection":["Attualit\u00e0"],"inLanguage":"it-IT"},{"@type":"WebPage","@id":"https:\/\/www.nordestsanita.it\/?p=944","url":"https:\/\/www.nordestsanita.it\/?p=944","name":"COVID-19: per scuola sicura obbligatorio il vaccino agli studenti - NES","isPartOf":{"@id":"https:\/\/www.nordestsanita.it\/#website"},"datePublished":"2021-09-01T11:18:38+00:00","dateModified":"2021-09-01T11:20:07+00:00","description":"COVID-19, l'appello della Societ\u00e0 Italiana di Pediatria: per una scuola sicura rendere obbligatorio il vaccino agli studenti.","breadcrumb":{"@id":"https:\/\/www.nordestsanita.it\/?p=944#breadcrumb"},"inLanguage":"it-IT","potentialAction":[{"@type":"ReadAction","target":["https:\/\/www.nordestsanita.it\/?p=944"]}]},{"@type":"BreadcrumbList","@id":"https:\/\/www.nordestsanita.it\/?p=944#breadcrumb","itemListElement":[{"@type":"ListItem","position":1,"name":"Home","item":"https:\/\/www.nordestsanita.it\/"},{"@type":"ListItem","position":2,"name":"COVID-19, l\u2019appello della SIPPS: \u201cper una scuola sicura rendere il vaccino obbligatorio anche agli studenti\u201d"}]},{"@type":"WebSite","@id":"https:\/\/www.nordestsanita.it\/#website","url":"https:\/\/www.nordestsanita.it\/","name":"NES","description":"Nord Est Sanit\u00e0","publisher":{"@id":"https:\/\/www.nordestsanita.it\/#organization"},"potentialAction":[{"@type":"SearchAction","target":{"@type":"EntryPoint","urlTemplate":"https:\/\/www.nordestsanita.it\/?s={search_term_string}"},"query-input":"required name=search_term_string"}],"inLanguage":"it-IT"},{"@type":"Organization","@id":"https:\/\/www.nordestsanita.it\/#organization","name":"NES","url":"https:\/\/www.nordestsanita.it\/","logo":{"@type":"ImageObject","inLanguage":"it-IT","@id":"https:\/\/www.nordestsanita.it\/#\/schema\/logo\/image\/","url":"https:\/\/www.nordestsanita.it\/wp-content\/uploads\/2021\/05\/NES-1280.png","contentUrl":"https:\/\/www.nordestsanita.it\/wp-content\/uploads\/2021\/05\/NES-1280.png","width":1280,"height":458,"caption":"NES"},"image":{"@id":"https:\/\/www.nordestsanita.it\/#\/schema\/logo\/image\/"}},{"@type":"Person","@id":"https:\/\/www.nordestsanita.it\/#\/schema\/person\/e5a7dc6dca45cb55e67d4a127b0e969a","name":"Redazione","image":{"@type":"ImageObject","inLanguage":"it-IT","@id":"https:\/\/www.nordestsanita.it\/#\/schema\/person\/image\/","url":"https:\/\/secure.gravatar.com\/avatar\/3f19a9b3d671ea36ec67c4badf3f961a?s=96&d=mm&r=g","contentUrl":"https:\/\/secure.gravatar.com\/avatar\/3f19a9b3d671ea36ec67c4badf3f961a?s=96&d=mm&r=g","caption":"Redazione"},"url":"https:\/\/www.nordestsanita.it\/?author=8"}]}},"jetpack_featured_media_url":"https:\/\/www.nordestsanita.it\/wp-content\/uploads\/2021\/09\/scuole.jpg","_links":{"self":[{"href":"https:\/\/www.nordestsanita.it\/index.php?rest_route=\/wp\/v2\/posts\/944"}],"collection":[{"href":"https:\/\/www.nordestsanita.it\/index.php?rest_route=\/wp\/v2\/posts"}],"about":[{"href":"https:\/\/www.nordestsanita.it\/index.php?rest_route=\/wp\/v2\/types\/post"}],"author":[{"embeddable":true,"href":"https:\/\/www.nordestsanita.it\/index.php?rest_route=\/wp\/v2\/users\/8"}],"replies":[{"embeddable":true,"href":"https:\/\/www.nordestsanita.it\/index.php?rest_route=%2Fwp%2Fv2%2Fcomments&post=944"}],"version-history":[{"count":1,"href":"https:\/\/www.nordestsanita.it\/index.php?rest_route=\/wp\/v2\/posts\/944\/revisions"}],"predecessor-version":[{"id":946,"href":"https:\/\/www.nordestsanita.it\/index.php?rest_route=\/wp\/v2\/posts\/944\/revisions\/946"}],"wp:featuredmedia":[{"embeddable":true,"href":"https:\/\/www.nordestsanita.it\/index.php?rest_route=\/wp\/v2\/media\/947"}],"wp:attachment":[{"href":"https:\/\/www.nordestsanita.it\/index.php?rest_route=%2Fwp%2Fv2%2Fmedia&parent=944"}],"wp:term":[{"taxonomy":"category","embeddable":true,"href":"https:\/\/www.nordestsanita.it\/index.php?rest_route=%2Fwp%2Fv2%2Fcategories&post=944"},{"taxonomy":"post_tag","embeddable":true,"href":"https:\/\/www.nordestsanita.it\/index.php?rest_route=%2Fwp%2Fv2%2Ftags&post=944"}],"curies":[{"name":"wp","href":"https:\/\/api.w.org\/{rel}","templated":true}]}}