{"id":971,"date":"2021-09-16T12:47:55","date_gmt":"2021-09-16T10:47:55","guid":{"rendered":"https:\/\/www.nordestsanita.it\/?p=971"},"modified":"2021-09-16T12:47:55","modified_gmt":"2021-09-16T10:47:55","slug":"summer-school-motore-sanita-con-la-pandemia-piu-ammalati-piu-poverta-e-crisi-nel-sistema-delle-cure-sul-territorio","status":"publish","type":"post","link":"https:\/\/www.nordestsanita.it\/?p=971","title":{"rendered":"Summer School Motore Sanit\u00e0, con la pandemia pi\u00f9 ammalati, pi\u00f9 povert\u00e0 e crisi nel sistema delle cure sul territorio"},"content":{"rendered":"\n<p>La pandemia ha messo in luce le debolezze dei sistemi sanitari regionali, ma, al tempo stesso, ha evidenziato potenzialit\u00e0 e linee da perseguire. Ora l\u2019Italia deve ripartire. <\/p>\n\n\n\n<!--more-->\n\n\n\n<p>E\u2019 quanto ricorda Stefano Campostrini, Professore di Statistica Sociale Universit\u00e0 Ca\u2019 Foscari, Venezia Territoriale, durante la sessione \u201cSSN Revolution: la distruzione creativa necessaria per il rilancio\u201d della SUMMER SCHOOL 2021 di Motore Sanit\u00e0, illustrando il volto di un Italia segnata drammaticamente dall\u2019emergenza sanitaria e ora dalle sue terribili conseguenze.<\/p>\n\n\n\n<p>I numeri parlano chiaro. Negli Stati Uniti si sono avuti, ad oggi, 125 casi su 1000 abitanti e 2 morti ogni mille abitanti, in Italia, similmente, 76 casi su mille e 2,15 morti, mentre a Singapore si sono fatti registrare 5,2 casi su mille e 10 morti su un milione di abitanti. In Sud Corea 5,2 casi su 1000 e 46 morti su 1 milione. Nella stessa Cina 66 casi e 3 morti su 1 milione.<\/p>\n\n\n\n<p>Ma la pandemia ha anche registrato un aumento dell\u2019isolamento e della marginalizzazione e della povert\u00e0. Il 2020 ha visto un drammatico nuovo aumento della povert\u00e0, colpendo ancora una volta le categorie che gi\u00e0 la crisi aveva pi\u00f9 colpito, come le donne e giovani, ma anche nuove fasce. La povert\u00e0 \u00e8 salita molto pi\u00f9 al Nord (in cui la povert\u00e0 era molto meno presente) che al Sud.<\/p>\n\n\n\n<p>\u201cIl confronto tra Paesi asiatici e mondo Occidentale \u00e8 quasi imbarazzante. Qui la pandemia ha mietuto un numero di vittime e ha avuto un numero di contagi almeno dieci volte superiore ai paesi orientali. Tra i diversi motivi, uno di interesse spicca tra tutti: la diversa capacit\u00e0 di utilizzare dati e tecnologie per il controllo e il test della popolazione. In Sanit\u00e0 produciamo un incredibile quantit\u00e0 di dati che spesso non risultano toccati da mente umana\u201d ha spiegato il Professor Campostrini che ha descritto gli impatti sulla societ\u00e0 italiana.<\/p>\n\n\n\n<p>\u201cPenso alle disuguaglianze: non possiamo accettare, in un sistema come il nostro che vuole essere universale, che esistano ancora marcate diseguaglianze di salute. Bisogna ripensare i servizi e la promozione della salute riconoscendo che equit\u00e0 non significa uguali servizi per tutti, ma maggiori servizi per chi ne ha pi\u00f9 bisogno\u201d.<\/p>\n\n\n\n<p>Poi c\u2019\u00e8 il tema della salute in tutte le politiche e la nuova organizzazione.<br>\u201cGli obiettivi di salute non possono essere raggiunti se non si riesce a pensare di introdurre politiche favorenti la salute in tutti gli ambiti, educativi, di mobilit\u00e0, eccetera, invece partendo dalle opportunit\u00e0 offerte dalla Data Scienze, dall\u2019intelligenza artificiale, dalla domotica e dalla digitalizzazione vanno ripensati i modelli organizzativi in una logica di innovazione strategica\u201d.<\/p>\n\n\n\n<p>Va poi, finalmente, affrontato e risolto il nodo della medicina territoriale \u201cda far funzionare almeno altrettanto bene di come funzionano molti nostri ospedali\u201d, ha concluso il Professor Stefano Campostrini.<\/p>\n","protected":false},"excerpt":{"rendered":"<p>Summer School Motore Sanit\u00e0, con la pandemia pi\u00f9 ammalati, pi\u00f9 povert\u00e0 e crisi nel sistema delle cure sul territorio.<\/p>\n","protected":false},"author":8,"featured_media":972,"comment_status":"closed","ping_status":"open","sticky":false,"template":"","format":"standard","meta":[],"categories":[29,25],"tags":[39,33],"yoast_head":"<!-- This site is optimized with the Yoast SEO plugin v20.2 - https:\/\/yoast.com\/wordpress\/plugins\/seo\/ -->\n<title>Con COVID-19 pi\u00f9 ammalati, pi\u00f9 povert\u00e0 e crisi nel sistema delle cure sul territorio - NES<\/title>\n<meta name=\"description\" content=\"Summer School Motore Sanit\u00e0, con la pandemia pi\u00f9 ammalati, pi\u00f9 povert\u00e0 e crisi nel sistema delle cure sul territorio.\" \/>\n<meta name=\"robots\" content=\"index, follow, max-snippet:-1, max-image-preview:large, max-video-preview:-1\" \/>\n<link rel=\"canonical\" href=\"https:\/\/www.nordestsanita.it\/?p=971\" \/>\n<meta property=\"og:locale\" content=\"it_IT\" \/>\n<meta property=\"og:type\" content=\"article\" \/>\n<meta property=\"og:title\" content=\"Con COVID-19 pi\u00f9 ammalati, pi\u00f9 povert\u00e0 e crisi nel sistema delle cure sul territorio - NES\" \/>\n<meta property=\"og:description\" content=\"Summer School Motore Sanit\u00e0, con la pandemia pi\u00f9 ammalati, pi\u00f9 povert\u00e0 e crisi nel sistema delle cure sul territorio.\" \/>\n<meta property=\"og:url\" content=\"https:\/\/www.nordestsanita.it\/?p=971\" \/>\n<meta property=\"og:site_name\" content=\"NES\" \/>\n<meta property=\"article:published_time\" content=\"2021-09-16T10:47:55+00:00\" \/>\n<meta property=\"og:image\" content=\"https:\/\/www.nordestsanita.it\/wp-content\/uploads\/2021\/09\/coronavirus-paziente.jpg\" \/>\n\t<meta property=\"og:image:width\" content=\"640\" \/>\n\t<meta property=\"og:image:height\" content=\"324\" \/>\n\t<meta property=\"og:image:type\" content=\"image\/jpeg\" \/>\n<meta name=\"author\" content=\"Redazione\" \/>\n<meta name=\"twitter:card\" content=\"summary_large_image\" \/>\n<meta name=\"twitter:label1\" content=\"Scritto da\" \/>\n\t<meta name=\"twitter:data1\" content=\"Redazione\" \/>\n\t<meta name=\"twitter:label2\" content=\"Tempo di lettura stimato\" \/>\n\t<meta name=\"twitter:data2\" content=\"2 minuti\" \/>\n<script type=\"application\/ld+json\" class=\"yoast-schema-graph\">{\"@context\":\"https:\/\/schema.org\",\"@graph\":[{\"@type\":\"Article\",\"@id\":\"https:\/\/www.nordestsanita.it\/?p=971#article\",\"isPartOf\":{\"@id\":\"https:\/\/www.nordestsanita.it\/?p=971\"},\"author\":{\"name\":\"Redazione\",\"@id\":\"https:\/\/www.nordestsanita.it\/#\/schema\/person\/e5a7dc6dca45cb55e67d4a127b0e969a\"},\"headline\":\"Summer School Motore Sanit\u00e0, con la pandemia pi\u00f9 ammalati, pi\u00f9 povert\u00e0 e crisi nel sistema delle cure sul territorio\",\"datePublished\":\"2021-09-16T10:47:55+00:00\",\"dateModified\":\"2021-09-16T10:47:55+00:00\",\"mainEntityOfPage\":{\"@id\":\"https:\/\/www.nordestsanita.it\/?p=971\"},\"wordCount\":459,\"publisher\":{\"@id\":\"https:\/\/www.nordestsanita.it\/#organization\"},\"keywords\":[\"Covid-19\",\"sanit\u00e0\"],\"articleSection\":[\"Covid\",\"Sanit\u00e0\"],\"inLanguage\":\"it-IT\"},{\"@type\":\"WebPage\",\"@id\":\"https:\/\/www.nordestsanita.it\/?p=971\",\"url\":\"https:\/\/www.nordestsanita.it\/?p=971\",\"name\":\"Con COVID-19 pi\u00f9 ammalati, pi\u00f9 povert\u00e0 e crisi nel sistema delle cure sul territorio - NES\",\"isPartOf\":{\"@id\":\"https:\/\/www.nordestsanita.it\/#website\"},\"datePublished\":\"2021-09-16T10:47:55+00:00\",\"dateModified\":\"2021-09-16T10:47:55+00:00\",\"description\":\"Summer School Motore Sanit\u00e0, con la pandemia pi\u00f9 ammalati, pi\u00f9 povert\u00e0 e crisi nel sistema delle cure sul territorio.\",\"breadcrumb\":{\"@id\":\"https:\/\/www.nordestsanita.it\/?p=971#breadcrumb\"},\"inLanguage\":\"it-IT\",\"potentialAction\":[{\"@type\":\"ReadAction\",\"target\":[\"https:\/\/www.nordestsanita.it\/?p=971\"]}]},{\"@type\":\"BreadcrumbList\",\"@id\":\"https:\/\/www.nordestsanita.it\/?p=971#breadcrumb\",\"itemListElement\":[{\"@type\":\"ListItem\",\"position\":1,\"name\":\"Home\",\"item\":\"https:\/\/www.nordestsanita.it\/\"},{\"@type\":\"ListItem\",\"position\":2,\"name\":\"Summer School Motore Sanit\u00e0, con la pandemia pi\u00f9 ammalati, pi\u00f9 povert\u00e0 e crisi nel sistema delle cure sul territorio\"}]},{\"@type\":\"WebSite\",\"@id\":\"https:\/\/www.nordestsanita.it\/#website\",\"url\":\"https:\/\/www.nordestsanita.it\/\",\"name\":\"NES\",\"description\":\"Nord Est Sanit\u00e0\",\"publisher\":{\"@id\":\"https:\/\/www.nordestsanita.it\/#organization\"},\"potentialAction\":[{\"@type\":\"SearchAction\",\"target\":{\"@type\":\"EntryPoint\",\"urlTemplate\":\"https:\/\/www.nordestsanita.it\/?s={search_term_string}\"},\"query-input\":\"required name=search_term_string\"}],\"inLanguage\":\"it-IT\"},{\"@type\":\"Organization\",\"@id\":\"https:\/\/www.nordestsanita.it\/#organization\",\"name\":\"NES\",\"url\":\"https:\/\/www.nordestsanita.it\/\",\"logo\":{\"@type\":\"ImageObject\",\"inLanguage\":\"it-IT\",\"@id\":\"https:\/\/www.nordestsanita.it\/#\/schema\/logo\/image\/\",\"url\":\"https:\/\/www.nordestsanita.it\/wp-content\/uploads\/2021\/05\/NES-1280.png\",\"contentUrl\":\"https:\/\/www.nordestsanita.it\/wp-content\/uploads\/2021\/05\/NES-1280.png\",\"width\":1280,\"height\":458,\"caption\":\"NES\"},\"image\":{\"@id\":\"https:\/\/www.nordestsanita.it\/#\/schema\/logo\/image\/\"}},{\"@type\":\"Person\",\"@id\":\"https:\/\/www.nordestsanita.it\/#\/schema\/person\/e5a7dc6dca45cb55e67d4a127b0e969a\",\"name\":\"Redazione\",\"image\":{\"@type\":\"ImageObject\",\"inLanguage\":\"it-IT\",\"@id\":\"https:\/\/www.nordestsanita.it\/#\/schema\/person\/image\/\",\"url\":\"https:\/\/secure.gravatar.com\/avatar\/3f19a9b3d671ea36ec67c4badf3f961a?s=96&d=mm&r=g\",\"contentUrl\":\"https:\/\/secure.gravatar.com\/avatar\/3f19a9b3d671ea36ec67c4badf3f961a?s=96&d=mm&r=g\",\"caption\":\"Redazione\"},\"url\":\"https:\/\/www.nordestsanita.it\/?author=8\"}]}<\/script>\n<!-- \/ Yoast SEO plugin. -->","yoast_head_json":{"title":"Con COVID-19 pi\u00f9 ammalati, pi\u00f9 povert\u00e0 e crisi nel sistema delle cure sul territorio - NES","description":"Summer School Motore Sanit\u00e0, con la pandemia pi\u00f9 ammalati, pi\u00f9 povert\u00e0 e crisi nel sistema delle cure sul territorio.","robots":{"index":"index","follow":"follow","max-snippet":"max-snippet:-1","max-image-preview":"max-image-preview:large","max-video-preview":"max-video-preview:-1"},"canonical":"https:\/\/www.nordestsanita.it\/?p=971","og_locale":"it_IT","og_type":"article","og_title":"Con COVID-19 pi\u00f9 ammalati, pi\u00f9 povert\u00e0 e crisi nel sistema delle cure sul territorio - NES","og_description":"Summer School Motore Sanit\u00e0, con la pandemia pi\u00f9 ammalati, pi\u00f9 povert\u00e0 e crisi nel sistema delle cure sul territorio.","og_url":"https:\/\/www.nordestsanita.it\/?p=971","og_site_name":"NES","article_published_time":"2021-09-16T10:47:55+00:00","og_image":[{"width":640,"height":324,"url":"https:\/\/www.nordestsanita.it\/wp-content\/uploads\/2021\/09\/coronavirus-paziente.jpg","type":"image\/jpeg"}],"author":"Redazione","twitter_card":"summary_large_image","twitter_misc":{"Scritto da":"Redazione","Tempo di lettura stimato":"2 minuti"},"schema":{"@context":"https:\/\/schema.org","@graph":[{"@type":"Article","@id":"https:\/\/www.nordestsanita.it\/?p=971#article","isPartOf":{"@id":"https:\/\/www.nordestsanita.it\/?p=971"},"author":{"name":"Redazione","@id":"https:\/\/www.nordestsanita.it\/#\/schema\/person\/e5a7dc6dca45cb55e67d4a127b0e969a"},"headline":"Summer School Motore Sanit\u00e0, con la pandemia pi\u00f9 ammalati, pi\u00f9 povert\u00e0 e crisi nel sistema delle cure sul territorio","datePublished":"2021-09-16T10:47:55+00:00","dateModified":"2021-09-16T10:47:55+00:00","mainEntityOfPage":{"@id":"https:\/\/www.nordestsanita.it\/?p=971"},"wordCount":459,"publisher":{"@id":"https:\/\/www.nordestsanita.it\/#organization"},"keywords":["Covid-19","sanit\u00e0"],"articleSection":["Covid","Sanit\u00e0"],"inLanguage":"it-IT"},{"@type":"WebPage","@id":"https:\/\/www.nordestsanita.it\/?p=971","url":"https:\/\/www.nordestsanita.it\/?p=971","name":"Con COVID-19 pi\u00f9 ammalati, pi\u00f9 povert\u00e0 e crisi nel sistema delle cure sul territorio - NES","isPartOf":{"@id":"https:\/\/www.nordestsanita.it\/#website"},"datePublished":"2021-09-16T10:47:55+00:00","dateModified":"2021-09-16T10:47:55+00:00","description":"Summer School Motore Sanit\u00e0, con la pandemia pi\u00f9 ammalati, pi\u00f9 povert\u00e0 e crisi nel sistema delle cure sul territorio.","breadcrumb":{"@id":"https:\/\/www.nordestsanita.it\/?p=971#breadcrumb"},"inLanguage":"it-IT","potentialAction":[{"@type":"ReadAction","target":["https:\/\/www.nordestsanita.it\/?p=971"]}]},{"@type":"BreadcrumbList","@id":"https:\/\/www.nordestsanita.it\/?p=971#breadcrumb","itemListElement":[{"@type":"ListItem","position":1,"name":"Home","item":"https:\/\/www.nordestsanita.it\/"},{"@type":"ListItem","position":2,"name":"Summer School Motore Sanit\u00e0, con la pandemia pi\u00f9 ammalati, pi\u00f9 povert\u00e0 e crisi nel sistema delle cure sul territorio"}]},{"@type":"WebSite","@id":"https:\/\/www.nordestsanita.it\/#website","url":"https:\/\/www.nordestsanita.it\/","name":"NES","description":"Nord Est Sanit\u00e0","publisher":{"@id":"https:\/\/www.nordestsanita.it\/#organization"},"potentialAction":[{"@type":"SearchAction","target":{"@type":"EntryPoint","urlTemplate":"https:\/\/www.nordestsanita.it\/?s={search_term_string}"},"query-input":"required name=search_term_string"}],"inLanguage":"it-IT"},{"@type":"Organization","@id":"https:\/\/www.nordestsanita.it\/#organization","name":"NES","url":"https:\/\/www.nordestsanita.it\/","logo":{"@type":"ImageObject","inLanguage":"it-IT","@id":"https:\/\/www.nordestsanita.it\/#\/schema\/logo\/image\/","url":"https:\/\/www.nordestsanita.it\/wp-content\/uploads\/2021\/05\/NES-1280.png","contentUrl":"https:\/\/www.nordestsanita.it\/wp-content\/uploads\/2021\/05\/NES-1280.png","width":1280,"height":458,"caption":"NES"},"image":{"@id":"https:\/\/www.nordestsanita.it\/#\/schema\/logo\/image\/"}},{"@type":"Person","@id":"https:\/\/www.nordestsanita.it\/#\/schema\/person\/e5a7dc6dca45cb55e67d4a127b0e969a","name":"Redazione","image":{"@type":"ImageObject","inLanguage":"it-IT","@id":"https:\/\/www.nordestsanita.it\/#\/schema\/person\/image\/","url":"https:\/\/secure.gravatar.com\/avatar\/3f19a9b3d671ea36ec67c4badf3f961a?s=96&d=mm&r=g","contentUrl":"https:\/\/secure.gravatar.com\/avatar\/3f19a9b3d671ea36ec67c4badf3f961a?s=96&d=mm&r=g","caption":"Redazione"},"url":"https:\/\/www.nordestsanita.it\/?author=8"}]}},"jetpack_featured_media_url":"https:\/\/www.nordestsanita.it\/wp-content\/uploads\/2021\/09\/coronavirus-paziente.jpg","_links":{"self":[{"href":"https:\/\/www.nordestsanita.it\/index.php?rest_route=\/wp\/v2\/posts\/971"}],"collection":[{"href":"https:\/\/www.nordestsanita.it\/index.php?rest_route=\/wp\/v2\/posts"}],"about":[{"href":"https:\/\/www.nordestsanita.it\/index.php?rest_route=\/wp\/v2\/types\/post"}],"author":[{"embeddable":true,"href":"https:\/\/www.nordestsanita.it\/index.php?rest_route=\/wp\/v2\/users\/8"}],"replies":[{"embeddable":true,"href":"https:\/\/www.nordestsanita.it\/index.php?rest_route=%2Fwp%2Fv2%2Fcomments&post=971"}],"version-history":[{"count":1,"href":"https:\/\/www.nordestsanita.it\/index.php?rest_route=\/wp\/v2\/posts\/971\/revisions"}],"predecessor-version":[{"id":973,"href":"https:\/\/www.nordestsanita.it\/index.php?rest_route=\/wp\/v2\/posts\/971\/revisions\/973"}],"wp:featuredmedia":[{"embeddable":true,"href":"https:\/\/www.nordestsanita.it\/index.php?rest_route=\/wp\/v2\/media\/972"}],"wp:attachment":[{"href":"https:\/\/www.nordestsanita.it\/index.php?rest_route=%2Fwp%2Fv2%2Fmedia&parent=971"}],"wp:term":[{"taxonomy":"category","embeddable":true,"href":"https:\/\/www.nordestsanita.it\/index.php?rest_route=%2Fwp%2Fv2%2Fcategories&post=971"},{"taxonomy":"post_tag","embeddable":true,"href":"https:\/\/www.nordestsanita.it\/index.php?rest_route=%2Fwp%2Fv2%2Ftags&post=971"}],"curies":[{"name":"wp","href":"https:\/\/api.w.org\/{rel}","templated":true}]}}