{"id":989,"date":"2021-10-01T15:08:20","date_gmt":"2021-10-01T13:08:20","guid":{"rendered":"https:\/\/www.nordestsanita.it\/?p=989"},"modified":"2021-10-01T15:08:21","modified_gmt":"2021-10-01T13:08:21","slug":"regione-veneto-operativo-il-volo-notturno-dellelicottero-del-suem-118-con-base-a-treviso","status":"publish","type":"post","link":"https:\/\/www.nordestsanita.it\/?p=989","title":{"rendered":"Regione Veneto, operativo il volo notturno dell\u2019elicottero del Suem 118 con base a Treviso"},"content":{"rendered":"\n<p>Dal 29 settembre ha preso il via l\u2019operativit\u00e0 del volo notturno dell\u2019elicottero del Suem 118 della Regione Veneto, basato a Treviso.<\/p>\n\n\n\n<!--more-->\n\n\n\n<p>L\u2019avvio del volo notturno \u00e8 stato reso possibile dall\u2019avvio del nuovo contratto regionale stipulato a luglio scorso; fin da allora sono state avviate tutte le operazioni preliminari all\u2019inizio del servizio<\/p>\n\n\n\n<p>La programmazione regionale ha previsto il servizio di volo notturno con base a Pieve di Cadore al servizio delle ULSS 1, 2, 3 e 4. Poich\u00e9 la realizzazione dell\u2019eliporto dell\u2019ospedale di Pieve di Cadore non \u00e8 conclusa e nel bellunese non sono presenti altre strutture conformi alle normative aeronautiche che disciplinano il volo notturno, per non dilazionare ulteriormente l\u2019avvio del servizio l\u2019attivit\u00e0 \u00e8 stata assegnata temporaneamente all\u2019ULSS 2.<\/p>\n\n\n\n<p>L\u2019elisoccorso svolger\u00e0 sia trasferimenti interospedalieri che interventi di soccorso in prossimit\u00e0 del luogo dove si trova il paziente, consentendo il trasporto diretto all\u2019ospedale Hub delle patologie pi\u00f9 critiche<\/p>\n\n\n\n<p>Come previsto dalle normative, per i primi due mesi negli interventi di soccorso l\u2019elicottero potr\u00e0 atterrare su superfici gi\u00e0 identificate ed inserite nei manuali di volo, dotate di illuminazione. Successivamente potr\u00e0 operare anche su superfici non illuminate.<\/p>\n\n\n\n<p>In questi mesi il personale delle Centrali Operative del SUEM di Belluno, Treviso e Venezia ha identificato oltre 50 campi sportivi dotati di illuminazione, ottenendo l\u2019assenso dei gestori al loro utilizzo e predisponendo tutte le procedure per l\u2019accesso e l\u2019accensione delle luci da parte dell\u2019ambulanza intervenuta. Tutte le ambulanze sono state dotate delle procedure per l\u2019accesso ai siti di loro interesse e delle chiavi dell\u2019impianto<\/p>\n\n\n\n<p>Fondamentale \u00e8 stata la collaborazione delle amministrazioni comunali e delle societ\u00e0 di gestione degli impianti sportivi, che sono immediatamente resi disponibili per consentire l\u2019accesso alle strutture ed hanno fornito tutto il supporto tecnico necessario<\/p>\n\n\n\n<p>La societ\u00e0 che gestisce l\u2019elicottero, Babcock Italia, ha poi svolto una ricognizione notturna di tutti i siti censiti, al fine di verificarne la sicurezza e di predisporre le rotte di avvicinamento e di atterraggio. I piloti sono stati addestrati ad operare utilizzando i visori notturni (NVG \u2013 Night Vision Googles), tecnologia che fino a pochi anni fa era riservata all\u2019ambito militare e che consente la visione di tutti gli ostacoli anche in assenza di luce<\/p>\n\n\n\n<p>La disposizione dei siti consente di coprire la parte del territorio che richiede tempi lunghi di accesso all\u2019ospedale Hub da parte dei pazienti critici; particolare attenzione \u00e8 stata rivolta alla provincia di Belluno, per fare in modo che su tutto il territorio sia disponibile una superficie per l\u2019atterraggio<\/p>\n\n\n\n<p>L\u2019attivit\u00e0 coprir\u00e0 da subito le province di Belluno e Treviso; nella settimana successiva la copertura verr\u00e0 estesa al Veneziano (in particolare le aree pi\u00f9 periferiche dell\u2019ULSS 4 la zona meridionale dell\u2019ULSS 3) ed all\u2019Altopiano di Asiago.<\/p>\n","protected":false},"excerpt":{"rendered":"<p>Dal 29 settembre ha preso il via l\u2019operativit\u00e0 del volo notturno dell\u2019elicottero del Suem 118 della Regione Veneto, basato a Treviso.<\/p>\n","protected":false},"author":8,"featured_media":990,"comment_status":"closed","ping_status":"open","sticky":false,"template":"","format":"standard","meta":[],"categories":[25],"tags":[71,160],"yoast_head":"<!-- This site is optimized with the Yoast SEO plugin v20.2 - https:\/\/yoast.com\/wordpress\/plugins\/seo\/ -->\n<title>Regione Veneto, operativo il volo notturno dell\u2019elicottero del Suem - NES<\/title>\n<meta name=\"description\" content=\"Dal 29 settembre ha preso il via l\u2019operativit\u00e0 del volo notturno dell\u2019elicottero del Suem 118 della Regione Veneto, basato a Treviso.\" \/>\n<meta name=\"robots\" content=\"index, follow, max-snippet:-1, max-image-preview:large, max-video-preview:-1\" \/>\n<link rel=\"canonical\" href=\"https:\/\/www.nordestsanita.it\/?p=989\" \/>\n<meta property=\"og:locale\" content=\"it_IT\" \/>\n<meta property=\"og:type\" content=\"article\" \/>\n<meta property=\"og:title\" content=\"Regione Veneto, operativo il volo notturno dell\u2019elicottero del Suem - NES\" \/>\n<meta property=\"og:description\" content=\"Dal 29 settembre ha preso il via l\u2019operativit\u00e0 del volo notturno dell\u2019elicottero del Suem 118 della Regione Veneto, basato a Treviso.\" \/>\n<meta property=\"og:url\" content=\"https:\/\/www.nordestsanita.it\/?p=989\" \/>\n<meta property=\"og:site_name\" content=\"NES\" \/>\n<meta property=\"article:published_time\" content=\"2021-10-01T13:08:20+00:00\" \/>\n<meta property=\"article:modified_time\" content=\"2021-10-01T13:08:21+00:00\" \/>\n<meta property=\"og:image\" content=\"https:\/\/www.nordestsanita.it\/wp-content\/uploads\/2021\/10\/helicopter-983979_960_720.jpg\" \/>\n\t<meta property=\"og:image:width\" content=\"960\" \/>\n\t<meta property=\"og:image:height\" content=\"639\" \/>\n\t<meta property=\"og:image:type\" content=\"image\/jpeg\" \/>\n<meta name=\"author\" content=\"Redazione\" \/>\n<meta name=\"twitter:card\" content=\"summary_large_image\" \/>\n<meta name=\"twitter:label1\" content=\"Scritto da\" \/>\n\t<meta name=\"twitter:data1\" content=\"Redazione\" \/>\n\t<meta name=\"twitter:label2\" content=\"Tempo di lettura stimato\" \/>\n\t<meta name=\"twitter:data2\" content=\"2 minuti\" \/>\n<script type=\"application\/ld+json\" class=\"yoast-schema-graph\">{\"@context\":\"https:\/\/schema.org\",\"@graph\":[{\"@type\":\"Article\",\"@id\":\"https:\/\/www.nordestsanita.it\/?p=989#article\",\"isPartOf\":{\"@id\":\"https:\/\/www.nordestsanita.it\/?p=989\"},\"author\":{\"name\":\"Redazione\",\"@id\":\"https:\/\/www.nordestsanita.it\/#\/schema\/person\/e5a7dc6dca45cb55e67d4a127b0e969a\"},\"headline\":\"Regione Veneto, operativo il volo notturno dell\u2019elicottero del Suem 118 con base a Treviso\",\"datePublished\":\"2021-10-01T13:08:20+00:00\",\"dateModified\":\"2021-10-01T13:08:21+00:00\",\"mainEntityOfPage\":{\"@id\":\"https:\/\/www.nordestsanita.it\/?p=989\"},\"wordCount\":468,\"publisher\":{\"@id\":\"https:\/\/www.nordestsanita.it\/#organization\"},\"keywords\":[\"Regione Veneto\",\"suem\"],\"articleSection\":[\"Sanit\u00e0\"],\"inLanguage\":\"it-IT\"},{\"@type\":\"WebPage\",\"@id\":\"https:\/\/www.nordestsanita.it\/?p=989\",\"url\":\"https:\/\/www.nordestsanita.it\/?p=989\",\"name\":\"Regione Veneto, operativo il volo notturno dell\u2019elicottero del Suem - NES\",\"isPartOf\":{\"@id\":\"https:\/\/www.nordestsanita.it\/#website\"},\"datePublished\":\"2021-10-01T13:08:20+00:00\",\"dateModified\":\"2021-10-01T13:08:21+00:00\",\"description\":\"Dal 29 settembre ha preso il via l\u2019operativit\u00e0 del volo notturno dell\u2019elicottero del Suem 118 della Regione Veneto, basato a Treviso.\",\"breadcrumb\":{\"@id\":\"https:\/\/www.nordestsanita.it\/?p=989#breadcrumb\"},\"inLanguage\":\"it-IT\",\"potentialAction\":[{\"@type\":\"ReadAction\",\"target\":[\"https:\/\/www.nordestsanita.it\/?p=989\"]}]},{\"@type\":\"BreadcrumbList\",\"@id\":\"https:\/\/www.nordestsanita.it\/?p=989#breadcrumb\",\"itemListElement\":[{\"@type\":\"ListItem\",\"position\":1,\"name\":\"Home\",\"item\":\"https:\/\/www.nordestsanita.it\/\"},{\"@type\":\"ListItem\",\"position\":2,\"name\":\"Regione Veneto, operativo il volo notturno dell\u2019elicottero del Suem 118 con base a Treviso\"}]},{\"@type\":\"WebSite\",\"@id\":\"https:\/\/www.nordestsanita.it\/#website\",\"url\":\"https:\/\/www.nordestsanita.it\/\",\"name\":\"NES\",\"description\":\"Nord Est Sanit\u00e0\",\"publisher\":{\"@id\":\"https:\/\/www.nordestsanita.it\/#organization\"},\"potentialAction\":[{\"@type\":\"SearchAction\",\"target\":{\"@type\":\"EntryPoint\",\"urlTemplate\":\"https:\/\/www.nordestsanita.it\/?s={search_term_string}\"},\"query-input\":\"required name=search_term_string\"}],\"inLanguage\":\"it-IT\"},{\"@type\":\"Organization\",\"@id\":\"https:\/\/www.nordestsanita.it\/#organization\",\"name\":\"NES\",\"url\":\"https:\/\/www.nordestsanita.it\/\",\"logo\":{\"@type\":\"ImageObject\",\"inLanguage\":\"it-IT\",\"@id\":\"https:\/\/www.nordestsanita.it\/#\/schema\/logo\/image\/\",\"url\":\"https:\/\/www.nordestsanita.it\/wp-content\/uploads\/2021\/05\/NES-1280.png\",\"contentUrl\":\"https:\/\/www.nordestsanita.it\/wp-content\/uploads\/2021\/05\/NES-1280.png\",\"width\":1280,\"height\":458,\"caption\":\"NES\"},\"image\":{\"@id\":\"https:\/\/www.nordestsanita.it\/#\/schema\/logo\/image\/\"}},{\"@type\":\"Person\",\"@id\":\"https:\/\/www.nordestsanita.it\/#\/schema\/person\/e5a7dc6dca45cb55e67d4a127b0e969a\",\"name\":\"Redazione\",\"image\":{\"@type\":\"ImageObject\",\"inLanguage\":\"it-IT\",\"@id\":\"https:\/\/www.nordestsanita.it\/#\/schema\/person\/image\/\",\"url\":\"https:\/\/secure.gravatar.com\/avatar\/3f19a9b3d671ea36ec67c4badf3f961a?s=96&d=mm&r=g\",\"contentUrl\":\"https:\/\/secure.gravatar.com\/avatar\/3f19a9b3d671ea36ec67c4badf3f961a?s=96&d=mm&r=g\",\"caption\":\"Redazione\"},\"url\":\"https:\/\/www.nordestsanita.it\/?author=8\"}]}<\/script>\n<!-- \/ Yoast SEO plugin. -->","yoast_head_json":{"title":"Regione Veneto, operativo il volo notturno dell\u2019elicottero del Suem - NES","description":"Dal 29 settembre ha preso il via l\u2019operativit\u00e0 del volo notturno dell\u2019elicottero del Suem 118 della Regione Veneto, basato a Treviso.","robots":{"index":"index","follow":"follow","max-snippet":"max-snippet:-1","max-image-preview":"max-image-preview:large","max-video-preview":"max-video-preview:-1"},"canonical":"https:\/\/www.nordestsanita.it\/?p=989","og_locale":"it_IT","og_type":"article","og_title":"Regione Veneto, operativo il volo notturno dell\u2019elicottero del Suem - NES","og_description":"Dal 29 settembre ha preso il via l\u2019operativit\u00e0 del volo notturno dell\u2019elicottero del Suem 118 della Regione Veneto, basato a Treviso.","og_url":"https:\/\/www.nordestsanita.it\/?p=989","og_site_name":"NES","article_published_time":"2021-10-01T13:08:20+00:00","article_modified_time":"2021-10-01T13:08:21+00:00","og_image":[{"width":960,"height":639,"url":"https:\/\/www.nordestsanita.it\/wp-content\/uploads\/2021\/10\/helicopter-983979_960_720.jpg","type":"image\/jpeg"}],"author":"Redazione","twitter_card":"summary_large_image","twitter_misc":{"Scritto da":"Redazione","Tempo di lettura stimato":"2 minuti"},"schema":{"@context":"https:\/\/schema.org","@graph":[{"@type":"Article","@id":"https:\/\/www.nordestsanita.it\/?p=989#article","isPartOf":{"@id":"https:\/\/www.nordestsanita.it\/?p=989"},"author":{"name":"Redazione","@id":"https:\/\/www.nordestsanita.it\/#\/schema\/person\/e5a7dc6dca45cb55e67d4a127b0e969a"},"headline":"Regione Veneto, operativo il volo notturno dell\u2019elicottero del Suem 118 con base a Treviso","datePublished":"2021-10-01T13:08:20+00:00","dateModified":"2021-10-01T13:08:21+00:00","mainEntityOfPage":{"@id":"https:\/\/www.nordestsanita.it\/?p=989"},"wordCount":468,"publisher":{"@id":"https:\/\/www.nordestsanita.it\/#organization"},"keywords":["Regione Veneto","suem"],"articleSection":["Sanit\u00e0"],"inLanguage":"it-IT"},{"@type":"WebPage","@id":"https:\/\/www.nordestsanita.it\/?p=989","url":"https:\/\/www.nordestsanita.it\/?p=989","name":"Regione Veneto, operativo il volo notturno dell\u2019elicottero del Suem - NES","isPartOf":{"@id":"https:\/\/www.nordestsanita.it\/#website"},"datePublished":"2021-10-01T13:08:20+00:00","dateModified":"2021-10-01T13:08:21+00:00","description":"Dal 29 settembre ha preso il via l\u2019operativit\u00e0 del volo notturno dell\u2019elicottero del Suem 118 della Regione Veneto, basato a Treviso.","breadcrumb":{"@id":"https:\/\/www.nordestsanita.it\/?p=989#breadcrumb"},"inLanguage":"it-IT","potentialAction":[{"@type":"ReadAction","target":["https:\/\/www.nordestsanita.it\/?p=989"]}]},{"@type":"BreadcrumbList","@id":"https:\/\/www.nordestsanita.it\/?p=989#breadcrumb","itemListElement":[{"@type":"ListItem","position":1,"name":"Home","item":"https:\/\/www.nordestsanita.it\/"},{"@type":"ListItem","position":2,"name":"Regione Veneto, operativo il volo notturno dell\u2019elicottero del Suem 118 con base a Treviso"}]},{"@type":"WebSite","@id":"https:\/\/www.nordestsanita.it\/#website","url":"https:\/\/www.nordestsanita.it\/","name":"NES","description":"Nord Est Sanit\u00e0","publisher":{"@id":"https:\/\/www.nordestsanita.it\/#organization"},"potentialAction":[{"@type":"SearchAction","target":{"@type":"EntryPoint","urlTemplate":"https:\/\/www.nordestsanita.it\/?s={search_term_string}"},"query-input":"required name=search_term_string"}],"inLanguage":"it-IT"},{"@type":"Organization","@id":"https:\/\/www.nordestsanita.it\/#organization","name":"NES","url":"https:\/\/www.nordestsanita.it\/","logo":{"@type":"ImageObject","inLanguage":"it-IT","@id":"https:\/\/www.nordestsanita.it\/#\/schema\/logo\/image\/","url":"https:\/\/www.nordestsanita.it\/wp-content\/uploads\/2021\/05\/NES-1280.png","contentUrl":"https:\/\/www.nordestsanita.it\/wp-content\/uploads\/2021\/05\/NES-1280.png","width":1280,"height":458,"caption":"NES"},"image":{"@id":"https:\/\/www.nordestsanita.it\/#\/schema\/logo\/image\/"}},{"@type":"Person","@id":"https:\/\/www.nordestsanita.it\/#\/schema\/person\/e5a7dc6dca45cb55e67d4a127b0e969a","name":"Redazione","image":{"@type":"ImageObject","inLanguage":"it-IT","@id":"https:\/\/www.nordestsanita.it\/#\/schema\/person\/image\/","url":"https:\/\/secure.gravatar.com\/avatar\/3f19a9b3d671ea36ec67c4badf3f961a?s=96&d=mm&r=g","contentUrl":"https:\/\/secure.gravatar.com\/avatar\/3f19a9b3d671ea36ec67c4badf3f961a?s=96&d=mm&r=g","caption":"Redazione"},"url":"https:\/\/www.nordestsanita.it\/?author=8"}]}},"jetpack_featured_media_url":"https:\/\/www.nordestsanita.it\/wp-content\/uploads\/2021\/10\/helicopter-983979_960_720.jpg","_links":{"self":[{"href":"https:\/\/www.nordestsanita.it\/index.php?rest_route=\/wp\/v2\/posts\/989"}],"collection":[{"href":"https:\/\/www.nordestsanita.it\/index.php?rest_route=\/wp\/v2\/posts"}],"about":[{"href":"https:\/\/www.nordestsanita.it\/index.php?rest_route=\/wp\/v2\/types\/post"}],"author":[{"embeddable":true,"href":"https:\/\/www.nordestsanita.it\/index.php?rest_route=\/wp\/v2\/users\/8"}],"replies":[{"embeddable":true,"href":"https:\/\/www.nordestsanita.it\/index.php?rest_route=%2Fwp%2Fv2%2Fcomments&post=989"}],"version-history":[{"count":1,"href":"https:\/\/www.nordestsanita.it\/index.php?rest_route=\/wp\/v2\/posts\/989\/revisions"}],"predecessor-version":[{"id":991,"href":"https:\/\/www.nordestsanita.it\/index.php?rest_route=\/wp\/v2\/posts\/989\/revisions\/991"}],"wp:featuredmedia":[{"embeddable":true,"href":"https:\/\/www.nordestsanita.it\/index.php?rest_route=\/wp\/v2\/media\/990"}],"wp:attachment":[{"href":"https:\/\/www.nordestsanita.it\/index.php?rest_route=%2Fwp%2Fv2%2Fmedia&parent=989"}],"wp:term":[{"taxonomy":"category","embeddable":true,"href":"https:\/\/www.nordestsanita.it\/index.php?rest_route=%2Fwp%2Fv2%2Fcategories&post=989"},{"taxonomy":"post_tag","embeddable":true,"href":"https:\/\/www.nordestsanita.it\/index.php?rest_route=%2Fwp%2Fv2%2Ftags&post=989"}],"curies":[{"name":"wp","href":"https:\/\/api.w.org\/{rel}","templated":true}]}}